{"id":11570,"date":"2022-02-27T22:04:00","date_gmt":"2022-02-28T02:04:00","guid":{"rendered":"http:\/\/elradar.info\/?p=11570"},"modified":"2024-02-01T12:21:21","modified_gmt":"2024-02-01T16:21:21","slug":"regresa-el-fitaz","status":"publish","type":"post","link":"https:\/\/elradar.info\/?p=11570","title":{"rendered":"Regresa el FITAZ\ufffc"},"content":{"rendered":"\n<p>Este a\u00f1o, La Paz volver\u00e1 a disfrutar de las actividades del Festival Internacional de La Paz (FITAZ), que se llevar\u00e1 cabo entre el 6 y el 15 de mayo. Luego de haber suspendido sus presentaciones en 2020, a causa de las restricciones de la pandemia de COVID 19, regresa este 2022 en su XIII versi\u00f3n con un aspecto renovado.<\/p>\n\n\n\n<p>En una entrevista realizada por \u00c1ngel Careaga, Maritza Wilde, fundadora del FITAZ, adelant\u00f3 algunos detalles sobre la organizaci\u00f3n. El primer gran cambio ser\u00e1 que este a\u00f1o el Festival ya no ser\u00e1 organizado por Maritza, sino por Bernardo Arancibia, actor e integrante del Teatro Grito. Ser\u00e1 la primera vez que alguien m\u00e1s tome las riendas del FITAZ desde 1999, a\u00f1o en el que Wilde lo cre\u00f3.<\/p>\n\n\n\n<p>Wilde explic\u00f3 que la realidad de la cultura en Bolivia es dif\u00edcil, pues se la considera la \u00faltima rueda del coche en \u00e9pocas de crisis. Sin embargo, mantiene una postura positiva y resalta que el FITAZ se haya podido hacer durante tantos a\u00f1os, hecho que requiri\u00f3 mucha perseverancia y organizaci\u00f3n. Este trabajo, recuerda, fue valorado por la alcald\u00eda en 2018, cuando fue nombrado Patrimonio de la ciudad de La Paz.\u00a0<\/p>\n\n\n\n<p>Sobre los aspectos sobresalientes del Festival, Wilde menciona el hecho de que cuenta con una programaci\u00f3n infantil que, en los \u00faltimos a\u00f1os, ha generado una muy buena respuesta del p\u00fablico asistente. Otro aspecto, quiz\u00e1s el m\u00e1s importante, es la calidad de los grupos invitados. Maritza recuerda que entre 1999 y 2000 se contaba con un comit\u00e9 asesor que no funcion\u00f3 adecuadamente, por lo que, en a\u00f1os posteriores, se decidi\u00f3 optar la invitaci\u00f3n directa. Por ello, Wilde se siente segura de decir que \u201clos grupos nacionales que se presentan en el FITAZ son los mejores de Bolivia\u201d.<\/p>\n\n\n\n<p>Sobre las consecuencias de la pandemia en el teatro, la actriz hace muchas consideraciones, una de las principales es que \u201cel teatro es un sobreviviente\u201d, cont\u00f3 que la gente no dej\u00f3 de hacer teatro a\u00fan en las \u00e9pocas m\u00e1s dif\u00edciles y as\u00ed ha venido siendo desde hace mucho tiempo atr\u00e1s. Como un ejemplo mencion\u00f3 a lo que sucede en Espa\u00f1a: \u201cEn Espa\u00f1a, en medio de la pandemia, la nueva normalidad, la gente no est\u00e1 yendo al cine, pero s\u00ed est\u00e1 yendo al teatro.\u201d\u00a0<\/p>\n\n\n\n<p>Entre las actividades que ofrecer\u00e1 el FITAZ 2022 est\u00e1n:<\/p>\n\n\n\n<ul class=\"wp-block-list\"><li>FITAZ Teatros. Cartelera de obras teatrales en horario nocturno.<\/li><li>FITAZ Wawas. Oferta de obras teatrales para ni\u00f1os. Matinal, matin\u00e9.<\/li><li>FITAZ Barrial. Obras teatrales e intervenciones urbanas al aire libre.<\/li><li>FITAZ Expandido. Se llevar\u00e1 a cabo tanto en La Paz como en El Alto e incluir\u00e1 actividades como fotograf\u00eda y nuevas tecnolog\u00edas.<\/li><li>FITAZ Virtual. Se tendr\u00e1n obras de teatro disponibles de manera virtual.<\/li><\/ul>\n","protected":false},"excerpt":{"rendered":"<p>Este a\u00f1o, La Paz volver\u00e1 a disfrutar de las actividades del Festival Internacional de La Paz (FITAZ), que se llevar\u00e1 cabo entre el 6 y el 15 de mayo. Luego de haber suspendido sus presentaciones en 2020, a causa de las restricciones de la pandemia de COVID 19, regresa este 2022 en su XIII versi\u00f3n con un aspecto renovado. En una entrevista realizada por \u00c1ngel Careaga, Maritza Wilde, fundadora del FITAZ, adelant\u00f3 algunos detalles sobre la organizaci\u00f3n. El primer gran cambio ser\u00e1 que este a\u00f1o el Festival ya no ser\u00e1 organizado por Maritza, sino por Bernardo Arancibia, actor e integrante<\/p>\n","protected":false},"author":2,"featured_media":11572,"comment_status":"closed","ping_status":"open","sticky":false,"template":"","format":"standard","meta":{"_seopress_robots_primary_cat":"none","_seopress_titles_title":"","_seopress_titles_desc":"","_seopress_robots_index":"","_jetpack_memberships_contains_paid_content":false,"footnotes":""},"categories":[127],"tags":[109,141,385,386],"class_list":["post-11570","post","type-post","status-publish","format-standard","has-post-thumbnail","hentry","category-cultura","tag-bolivia","tag-cultura","tag-fitaz","tag-teatro"],"jetpack_featured_media_url":"https:\/\/elradar.info\/wp-content\/uploads\/2022\/02\/234296288_4246167298804441_8713639643473315655_n.jpg","jetpack_sharing_enabled":true,"amp_enabled":true,"_links":{"self":[{"href":"https:\/\/elradar.info\/index.php?rest_route=\/wp\/v2\/posts\/11570","targetHints":{"allow":["GET"]}}],"collection":[{"href":"https:\/\/elradar.info\/index.php?rest_route=\/wp\/v2\/posts"}],"about":[{"href":"https:\/\/elradar.info\/index.php?rest_route=\/wp\/v2\/types\/post"}],"author":[{"embeddable":true,"href":"https:\/\/elradar.info\/index.php?rest_route=\/wp\/v2\/users\/2"}],"replies":[{"embeddable":true,"href":"https:\/\/elradar.info\/index.php?rest_route=%2Fwp%2Fv2%2Fcomments&post=11570"}],"version-history":[{"count":1,"href":"https:\/\/elradar.info\/index.php?rest_route=\/wp\/v2\/posts\/11570\/revisions"}],"predecessor-version":[{"id":11573,"href":"https:\/\/elradar.info\/index.php?rest_route=\/wp\/v2\/posts\/11570\/revisions\/11573"}],"wp:featuredmedia":[{"embeddable":true,"href":"https:\/\/elradar.info\/index.php?rest_route=\/wp\/v2\/media\/11572"}],"wp:attachment":[{"href":"https:\/\/elradar.info\/index.php?rest_route=%2Fwp%2Fv2%2Fmedia&parent=11570"}],"wp:term":[{"taxonomy":"category","embeddable":true,"href":"https:\/\/elradar.info\/index.php?rest_route=%2Fwp%2Fv2%2Fcategories&post=11570"},{"taxonomy":"post_tag","embeddable":true,"href":"https:\/\/elradar.info\/index.php?rest_route=%2Fwp%2Fv2%2Ftags&post=11570"}],"curies":[{"name":"wp","href":"https:\/\/api.w.org\/{rel}","templated":true}]}}