{"id":13278,"date":"2022-03-06T19:13:20","date_gmt":"2022-03-06T23:13:20","guid":{"rendered":"http:\/\/elradar.info\/?p=13278"},"modified":"2024-02-01T12:20:59","modified_gmt":"2024-02-01T16:20:59","slug":"en-el-aniversario-alteno-sale-a-la-luz-el-libro-los-hijos-de-goni","status":"publish","type":"post","link":"https:\/\/elradar.info\/?p=13278","title":{"rendered":"En el aniversario alte\u00f1o, sale a la luz el libro Los Hijos de Goni"},"content":{"rendered":"\n<p><strong>Los Hijos de Goni<\/strong> es el d\u00e9cimo libro publicado por la editorial Sobras Selectas. Su autora, Quya Reyna Su\u00f1agua, y el editor, Alexis Arg\u00fcello, planificaron la publicaci\u00f3n de la obra coincidentemente con el aniversario de El Alto, que hoy cumple 37 a\u00f1os desde que se sancion\u00f3 la Ley 728 por la que fue elevado a rango de ciudad. Esta decisi\u00f3n no fue casual, pues el libro est\u00e1 \u00edntimamente ligado a la historia de esa joven metr\u00f3poli.<\/p>\n\n\n\n<p>En una entrevista exclusiva para El Radar, el editor nos habl\u00f3 sobre el porqu\u00e9 del t\u00edtulo:<\/p>\n\n\n\n<p><em>\u201c<\/em><strong><em>Los Hijos de Goni<\/em><\/strong><em>, de Quya Reina, es un libro de c\u00f3nicas, tal vez se preguntar\u00e1 la gente \u00bflos hijos de Goni? y s\u00ed, apunta en cierta medida a esto, porque la cr\u00f3nica principal tiene que ver con aquello, trabaja de forma muy personal y autoreferencial el tema de que, su padre [el de la autora], les dec\u00eda, tanto a ella como a sus hermanas, cuando dejaban algo de comida: \u2018\u00bfqui\u00e9nes se creen ustedes para dejar la comida ah\u00ed?, \u00bfqu\u00e9 son, hijos de Goni? En este sentido, ella, en la misma cr\u00f3nica, trabaja el tema de octubre de 2003, pero desde su perspectiva de ni\u00f1a\u201d.<\/em><\/p>\n\n\n\n<p>La primera presentaci\u00f3n del libro se llevar\u00e1 a cabo en Santa Cruz de la Sierra, en la feria Enjambre de Libros, luego, se presentar\u00e1 en la Universidad P\u00fablica de El Alto y en otras cuatro ciudades del pa\u00eds. En la ciudad de La Paz, se encontrar\u00e1 en la Feria Internacional del Libro (FIL) y en otros sitios a\u00fan por definirse.&nbsp;<\/p>\n\n\n\n<p><em>\u201cPor la presencia de Quya en redes sociales se lograr\u00e1 llegar a varios espacios, definitivamente el libro dar\u00e1 qu\u00e9 hablar. A veces se ve a El Alto con el idealismo de la ciudad rebelde, luchadora, pero esta visi\u00f3n hace que olvidemos que tambi\u00e9n somos seres humanos, a veces parece que se nos quiere como \u2018muertos h\u00e9roes o muertos v\u00edctimas\u2019, pero el libro muestra otras facetas de lo que es la identidad alte\u00f1a que a\u00fan se est\u00e1 construyendo. Somos otra cosa, El Alto es una ciudad, La Paz es otra.\u201d<\/em><\/p>\n\n\n\n<p>Por su parte, la autora, al respecto escribi\u00f3 en sus redes sociales:<\/p>\n\n\n\n<p><em>\u201cFeliz aniversario mi querida ciudad de El Alto. El mejor regalo que me diste fue nacer en tus tierras, el regalo que quiero darte son estas p\u00e1ginas\u201d.<\/em><\/p>\n\n\n\n<figure class=\"wp-block-image size-large is-resized\"><img loading=\"lazy\" decoding=\"async\" src=\"https:\/\/elradar.info\/wp-content\/uploads\/2022\/03\/275227120_1811239049266086_3857507354773508600_n-651x1024.jpg\" alt=\"\" class=\"wp-image-13323\" width=\"326\" height=\"512\" srcset=\"https:\/\/elradar.info\/wp-content\/uploads\/2022\/03\/275227120_1811239049266086_3857507354773508600_n-651x1024.jpg 651w, https:\/\/elradar.info\/wp-content\/uploads\/2022\/03\/275227120_1811239049266086_3857507354773508600_n-191x300.jpg 191w, https:\/\/elradar.info\/wp-content\/uploads\/2022\/03\/275227120_1811239049266086_3857507354773508600_n-768x1208.jpg 768w, https:\/\/elradar.info\/wp-content\/uploads\/2022\/03\/275227120_1811239049266086_3857507354773508600_n-360x566.jpg 360w, https:\/\/elradar.info\/wp-content\/uploads\/2022\/03\/275227120_1811239049266086_3857507354773508600_n.jpg 774w\" sizes=\"auto, (max-width: 326px) 100vw, 326px\" \/><\/figure>\n\n\n\n<figure class=\"wp-block-image size-large is-resized\"><img loading=\"lazy\" decoding=\"async\" src=\"https:\/\/elradar.info\/wp-content\/uploads\/2022\/03\/275265176_1811239032599421_2973952735510252538_n-651x1024.jpg\" alt=\"\" class=\"wp-image-13324\" width=\"326\" height=\"512\" srcset=\"https:\/\/elradar.info\/wp-content\/uploads\/2022\/03\/275265176_1811239032599421_2973952735510252538_n-651x1024.jpg 651w, https:\/\/elradar.info\/wp-content\/uploads\/2022\/03\/275265176_1811239032599421_2973952735510252538_n-191x300.jpg 191w, https:\/\/elradar.info\/wp-content\/uploads\/2022\/03\/275265176_1811239032599421_2973952735510252538_n-768x1208.jpg 768w, https:\/\/elradar.info\/wp-content\/uploads\/2022\/03\/275265176_1811239032599421_2973952735510252538_n-360x566.jpg 360w, https:\/\/elradar.info\/wp-content\/uploads\/2022\/03\/275265176_1811239032599421_2973952735510252538_n.jpg 774w\" sizes=\"auto, (max-width: 326px) 100vw, 326px\" \/><\/figure>\n","protected":false},"excerpt":{"rendered":"<p>Los Hijos de Goni es el d\u00e9cimo libro publicado por la editorial Sobras Selectas. Su autora, Quya Reyna Su\u00f1agua, y el editor, Alexis Arg\u00fcello, planificaron la publicaci\u00f3n de la obra coincidentemente con el aniversario de El Alto, que hoy cumple 37 a\u00f1os desde que se sancion\u00f3 la Ley 728 por la que fue elevado a rango de ciudad. Esta decisi\u00f3n no fue casual, pues el libro est\u00e1 \u00edntimamente ligado a la historia de esa joven metr\u00f3poli. En una entrevista exclusiva para El Radar, el editor nos habl\u00f3 sobre el porqu\u00e9 del t\u00edtulo: \u201cLos Hijos de Goni, de Quya Reina, es<\/p>\n","protected":false},"author":2,"featured_media":13321,"comment_status":"closed","ping_status":"open","sticky":false,"template":"","format":"standard","meta":{"_seopress_robots_primary_cat":"none","_seopress_titles_title":"","_seopress_titles_desc":"","_seopress_robots_index":"","_jetpack_memberships_contains_paid_content":false,"footnotes":""},"categories":[127],"tags":[109,406,411,412],"class_list":["post-13278","post","type-post","status-publish","format-standard","has-post-thumbnail","hentry","category-cultura","tag-bolivia","tag-lanzamiento","tag-los-hijos-de-goni","tag-quya-reyna"],"jetpack_featured_media_url":"https:\/\/elradar.info\/wp-content\/uploads\/2022\/03\/CRONICA-LOS-HIJOS-DE-GONI.jpg","jetpack_sharing_enabled":true,"amp_enabled":true,"_links":{"self":[{"href":"https:\/\/elradar.info\/index.php?rest_route=\/wp\/v2\/posts\/13278","targetHints":{"allow":["GET"]}}],"collection":[{"href":"https:\/\/elradar.info\/index.php?rest_route=\/wp\/v2\/posts"}],"about":[{"href":"https:\/\/elradar.info\/index.php?rest_route=\/wp\/v2\/types\/post"}],"author":[{"embeddable":true,"href":"https:\/\/elradar.info\/index.php?rest_route=\/wp\/v2\/users\/2"}],"replies":[{"embeddable":true,"href":"https:\/\/elradar.info\/index.php?rest_route=%2Fwp%2Fv2%2Fcomments&post=13278"}],"version-history":[{"count":2,"href":"https:\/\/elradar.info\/index.php?rest_route=\/wp\/v2\/posts\/13278\/revisions"}],"predecessor-version":[{"id":13325,"href":"https:\/\/elradar.info\/index.php?rest_route=\/wp\/v2\/posts\/13278\/revisions\/13325"}],"wp:featuredmedia":[{"embeddable":true,"href":"https:\/\/elradar.info\/index.php?rest_route=\/wp\/v2\/media\/13321"}],"wp:attachment":[{"href":"https:\/\/elradar.info\/index.php?rest_route=%2Fwp%2Fv2%2Fmedia&parent=13278"}],"wp:term":[{"taxonomy":"category","embeddable":true,"href":"https:\/\/elradar.info\/index.php?rest_route=%2Fwp%2Fv2%2Fcategories&post=13278"},{"taxonomy":"post_tag","embeddable":true,"href":"https:\/\/elradar.info\/index.php?rest_route=%2Fwp%2Fv2%2Ftags&post=13278"}],"curies":[{"name":"wp","href":"https:\/\/api.w.org\/{rel}","templated":true}]}}