{"id":15100,"date":"2022-03-12T16:43:32","date_gmt":"2022-03-12T20:43:32","guid":{"rendered":"http:\/\/elradar.info\/?p=15100"},"modified":"2024-02-01T12:20:58","modified_gmt":"2024-02-01T16:20:58","slug":"se-proponen-nuevos-requisitos-para-los-candidatos-o-candidatas-a-ser-defensor-del-pueblo","status":"publish","type":"post","link":"https:\/\/elradar.info\/?p=15100","title":{"rendered":"Se proponen nuevos requisitos para los candidatos o candidatas a ser defensor del pueblo"},"content":{"rendered":"\n<p>Ante los vergonzosos sucesos que tuvieron lugar los pasados d\u00edas, y que llevaron a la suspensi\u00f3n de la sesi\u00f3n de la Asamblea Plurinacional congregada para establecer el reglamento de elecci\u00f3n para el nuevo defensor o defensora del pueblo, miembros tanto del oficialismo como de la oposici\u00f3n propusieron nuevos ajustes que llevar\u00edan a la inhabilitaci\u00f3n de los posibles candidatos.<\/p>\n\n\n\n<p>Al respecto, el diputado Juan Jos\u00e9 J\u00e1uregui inform\u00f3 a los medios de comunicaci\u00f3n:<\/p>\n\n\n\n<p><em>\u201cLos esfuerzos del Movimiento al Socialismo, y de un sector conciliador de la oposici\u00f3n est\u00e1n motivando a que podamos aunar esfuerzos y construir los escenarios que permitan arribar a acuerdos para garantizar que el futuro defensor del pueblo sea una persona id\u00f3nea, comprometida con la lucha por la defensa de los derechos humanos, una persona que, fundamentalmente, est\u00e9 alejada de cualquier compromiso pol\u00edtico. A efectos de garantizar esta aspiraci\u00f3n, tenemos que hacer algunos ajustes, y tenemos que encontrar puntos de convergencia [\u2026] que la persona que postule no tenga que haber sido autoridad, no tenga que haber sido ministro, viceministro, autoridad departamental, siquiera secretario departamental o secretario municipal o embajador, los \u00faltimos ocho a\u00f1os, no tener filiaci\u00f3n pol\u00edtico partidaria, los \u00faltimos ocho a\u00f1os, no tener la condici\u00f3n de haber sido candidato de alguna agrupaci\u00f3n pol\u00edtica.\u201d<\/em><\/p>\n\n\n\n<p>Se espera que, en los pr\u00f3ximos d\u00edas, la Asamblea pueda reunirse nuevamente para definir el reglamento y viabilizar la elecci\u00f3n del nuevo defensor o defensora del pueblo.<\/p>\n","protected":false},"excerpt":{"rendered":"<p>Ante los vergonzosos sucesos que tuvieron lugar los pasados d\u00edas, y que llevaron a la suspensi\u00f3n de la sesi\u00f3n de la Asamblea Plurinacional congregada para establecer el reglamento de elecci\u00f3n para el nuevo defensor o defensora del pueblo, miembros tanto del oficialismo como de la oposici\u00f3n propusieron nuevos ajustes que llevar\u00edan a la inhabilitaci\u00f3n de los posibles candidatos. Al respecto, el diputado Juan Jos\u00e9 J\u00e1uregui inform\u00f3 a los medios de comunicaci\u00f3n: \u201cLos esfuerzos del Movimiento al Socialismo, y de un sector conciliador de la oposici\u00f3n est\u00e1n motivando a que podamos aunar esfuerzos y construir los escenarios que permitan arribar a<\/p>\n","protected":false},"author":2,"featured_media":15103,"comment_status":"closed","ping_status":"open","sticky":false,"template":"","format":"standard","meta":{"_seopress_robots_primary_cat":"none","_seopress_titles_title":"","_seopress_titles_desc":"","_seopress_robots_index":"","_jetpack_memberships_contains_paid_content":false,"footnotes":""},"categories":[103],"tags":[109,461,463,462],"class_list":["post-15100","post","type-post","status-publish","format-standard","has-post-thumbnail","hentry","category-nacional","tag-bolivia","tag-defensor-del-pueblo","tag-juan-jose-jauregui","tag-requisitos"],"jetpack_featured_media_url":"https:\/\/elradar.info\/wp-content\/uploads\/2022\/03\/LogoOficialInicio.jpg","jetpack_sharing_enabled":true,"amp_enabled":true,"_links":{"self":[{"href":"https:\/\/elradar.info\/index.php?rest_route=\/wp\/v2\/posts\/15100","targetHints":{"allow":["GET"]}}],"collection":[{"href":"https:\/\/elradar.info\/index.php?rest_route=\/wp\/v2\/posts"}],"about":[{"href":"https:\/\/elradar.info\/index.php?rest_route=\/wp\/v2\/types\/post"}],"author":[{"embeddable":true,"href":"https:\/\/elradar.info\/index.php?rest_route=\/wp\/v2\/users\/2"}],"replies":[{"embeddable":true,"href":"https:\/\/elradar.info\/index.php?rest_route=%2Fwp%2Fv2%2Fcomments&post=15100"}],"version-history":[{"count":1,"href":"https:\/\/elradar.info\/index.php?rest_route=\/wp\/v2\/posts\/15100\/revisions"}],"predecessor-version":[{"id":15104,"href":"https:\/\/elradar.info\/index.php?rest_route=\/wp\/v2\/posts\/15100\/revisions\/15104"}],"wp:featuredmedia":[{"embeddable":true,"href":"https:\/\/elradar.info\/index.php?rest_route=\/wp\/v2\/media\/15103"}],"wp:attachment":[{"href":"https:\/\/elradar.info\/index.php?rest_route=%2Fwp%2Fv2%2Fmedia&parent=15100"}],"wp:term":[{"taxonomy":"category","embeddable":true,"href":"https:\/\/elradar.info\/index.php?rest_route=%2Fwp%2Fv2%2Fcategories&post=15100"},{"taxonomy":"post_tag","embeddable":true,"href":"https:\/\/elradar.info\/index.php?rest_route=%2Fwp%2Fv2%2Ftags&post=15100"}],"curies":[{"name":"wp","href":"https:\/\/api.w.org\/{rel}","templated":true}]}}