{"id":17006,"date":"2022-03-17T12:25:19","date_gmt":"2022-03-17T16:25:19","guid":{"rendered":"http:\/\/elradar.info\/?p=17006"},"modified":"2024-02-01T12:20:57","modified_gmt":"2024-02-01T16:20:57","slug":"paro-convocado-por-la-cod-perjudica-tanto-la-reactivacion-economica-como-el-regreso-a-las-aulas","status":"publish","type":"post","link":"https:\/\/elradar.info\/?p=17006","title":{"rendered":"Paro convocado por la COD perjudica tanto la reactivaci\u00f3n econ\u00f3mica como el regreso a las aulas"},"content":{"rendered":"\n<p>Mediante el instructivo 002\/22, el comit\u00e9 ejecutivo departamental de la Central Obrera Departamental (COD)\u00a0 instruy\u00f3 a las federaciones y sindicatos afiliados a participar del paro movilizado el d\u00eda de hoy en Cochabamba.<\/p>\n\n\n\n<p>Entre las demandas exigidas por el sector est\u00e1n: el respeto a la seguridad social de los obreros y jubilaci\u00f3n con el 100 por ciento del salario, en el caso de los trabajadores asalariados. Asimismo, exigen la renuncia de la ministra de trabajo, Ver\u00f3nica Navia, y la creaci\u00f3n de una ley que sancione el incumplimiento de resoluciones al Ministerio de Trabajo y a sus jefaturas departamentales. Sobre este tema en particular, posteriormente a una reuni\u00f3n sostenida en febrero de este a\u00f1o con la Ministra de Trabajo, Empleo y Previsi\u00f3n Social, la COD emiti\u00f3 un instructivo solicitando a sus afiliados:<\/p>\n\n\n\n<p><em>\u201c(\u2026) hacer llegar toda la documentaci\u00f3n de respaldo que sustente y justifique el mal accionar y la dejadez e incapacidad de la Jefatura Departamental de Trabajo, para tomar acciones que el caso amerite.\u201d<\/em> Sin embargo, esta documentaci\u00f3n nunca fue presentada, pues no se registr\u00f3 ninguna denuncia formal al respecto.\u00a0<\/p>\n\n\n\n<p>Al mismo tiempo, la COD expresa su rechazo a la retardaci\u00f3n de justicia y apoya el pedido de m\u00e1s \u00edtems por parte de los maestros.<\/p>\n\n\n\n<p>Los bloqueos que forman parte de las medidas de protesta, obstruyen la Av. Blanco Galindo, Beijing, Villaz\u00f3n y otras rutas principales, sin embargo, en la zona periurbana, el tr\u00e1nsito se mantiene con normalidad.\u00a0<\/p>\n\n\n\n<p>Lamentablemente, a estos bloqueos se sum\u00f3 otro en la avenida Ayacucho y Aroma, que, independientemente, se trata de un conflicto de rutas.\u00a0<\/p>\n\n\n\n<p>Estas acciones perjudican la reactivaci\u00f3n econ\u00f3mica cochabambina, del mismo modo que el paro de maestros obstaculiza el retorno de los estudiantes a clases presenciales, lo cual genera mucha preocupaci\u00f3n en los padres de familia. Recordemos que el a\u00f1o 2020 se clausur\u00f3 el a\u00f1o escolar, y los maestros fueron uno de los pocos sectores que cont\u00f3 con un sueldo fijo a\u00fan sin asistir a su fuente laboral, del mismo modo, en 2021 la educaci\u00f3n se llev\u00f3 a cabo de manera virtual. En total son dos a\u00f1os que ese sector descuid\u00f3 su labor fundamental que es la ense\u00f1anza, por lo que es cuestionable, desde todo punto de vista, que se nieguen a regresar a las aulas argumentando la necesidad de m\u00e1s \u00edtems, pues la asignaci\u00f3n de 3000 es casi diez veces superior a la que se les otorgaba en pasadas gestiones.<\/p>\n","protected":false},"excerpt":{"rendered":"<p>Mediante el instructivo 002\/22, el comit\u00e9 ejecutivo departamental de la Central Obrera Departamental (COD)\u00a0 instruy\u00f3 a las federaciones y sindicatos afiliados a participar del paro movilizado el d\u00eda de hoy en Cochabamba. Entre las demandas exigidas por el sector est\u00e1n: el respeto a la seguridad social de los obreros y jubilaci\u00f3n con el 100 por ciento del salario, en el caso de los trabajadores asalariados. Asimismo, exigen la renuncia de la ministra de trabajo, Ver\u00f3nica Navia, y la creaci\u00f3n de una ley que sancione el incumplimiento de resoluciones al Ministerio de Trabajo y a sus jefaturas departamentales. Sobre este tema<\/p>\n","protected":false},"author":2,"featured_media":17051,"comment_status":"closed","ping_status":"open","sticky":false,"template":"","format":"standard","meta":{"_seopress_robots_primary_cat":"none","_seopress_titles_title":"","_seopress_titles_desc":"","_seopress_robots_index":"","_jetpack_memberships_contains_paid_content":false,"footnotes":""},"categories":[200,103],"tags":[109,509,313,508,393,512,510,511],"class_list":["post-17006","post","type-post","status-publish","format-standard","has-post-thumbnail","hentry","category-economia","category-nacional","tag-bolivia","tag-central-obrera-departamental","tag-cochabamba","tag-cod","tag-paro","tag-perjuicio","tag-reactivacion-economica","tag-regreso-a-las-aulas"],"jetpack_featured_media_url":"https:\/\/elradar.info\/wp-content\/uploads\/2022\/03\/cod-1.jpg","jetpack_sharing_enabled":true,"amp_enabled":true,"_links":{"self":[{"href":"https:\/\/elradar.info\/index.php?rest_route=\/wp\/v2\/posts\/17006","targetHints":{"allow":["GET"]}}],"collection":[{"href":"https:\/\/elradar.info\/index.php?rest_route=\/wp\/v2\/posts"}],"about":[{"href":"https:\/\/elradar.info\/index.php?rest_route=\/wp\/v2\/types\/post"}],"author":[{"embeddable":true,"href":"https:\/\/elradar.info\/index.php?rest_route=\/wp\/v2\/users\/2"}],"replies":[{"embeddable":true,"href":"https:\/\/elradar.info\/index.php?rest_route=%2Fwp%2Fv2%2Fcomments&post=17006"}],"version-history":[{"count":1,"href":"https:\/\/elradar.info\/index.php?rest_route=\/wp\/v2\/posts\/17006\/revisions"}],"predecessor-version":[{"id":17052,"href":"https:\/\/elradar.info\/index.php?rest_route=\/wp\/v2\/posts\/17006\/revisions\/17052"}],"wp:featuredmedia":[{"embeddable":true,"href":"https:\/\/elradar.info\/index.php?rest_route=\/wp\/v2\/media\/17051"}],"wp:attachment":[{"href":"https:\/\/elradar.info\/index.php?rest_route=%2Fwp%2Fv2%2Fmedia&parent=17006"}],"wp:term":[{"taxonomy":"category","embeddable":true,"href":"https:\/\/elradar.info\/index.php?rest_route=%2Fwp%2Fv2%2Fcategories&post=17006"},{"taxonomy":"post_tag","embeddable":true,"href":"https:\/\/elradar.info\/index.php?rest_route=%2Fwp%2Fv2%2Ftags&post=17006"}],"curies":[{"name":"wp","href":"https:\/\/api.w.org\/{rel}","templated":true}]}}