{"id":18585,"date":"2022-03-21T10:30:16","date_gmt":"2022-03-21T14:30:16","guid":{"rendered":"http:\/\/elradar.info\/?p=18585"},"modified":"2024-02-01T12:20:56","modified_gmt":"2024-02-01T16:20:56","slug":"continua-la-desescalada-de-casos-de-covid-19-en-el-pais","status":"publish","type":"post","link":"https:\/\/elradar.info\/?p=18585","title":{"rendered":"Contin\u00faa la desescalada de casos de COVID-19 en el pa\u00eds"},"content":{"rendered":"\n<p>Seg\u00fan los reportes del Ministerio de Salud, en Santa Cruz, Beni, Chuquisaca, Potos\u00ed y Oruro se registraron menos casos de COVID-19 en la \u00faltima semana. Al respecto el ministro, Jeyson Auza, declar\u00f3:<\/p>\n\n\n\n<p>\u201c<em>Han disminuido los casos por m\u00e1s de siete semanas consecutivas, hoy tambi\u00e9n disminuye de manera leve los casos, eso nos tiene que dar la posibilidad de seguir actuando como si estuvi\u00e9ramos en la escalada m\u00e1s alta<\/em>\u201d.<\/p>\n\n\n\n<p>El ministro inst\u00f3 a la poblaci\u00f3n a no bajar la guardia ante la enfermedad y destac\u00f3 que en el pa\u00eds ya se aplicaron\u00a0 12.971.350 dosis de la vacuna. Por el momento, la tasa de letalidad se mantiene en 0.7 %, casi diez veces menos que la primera ola de la pandemia. Respecto a los contagios en estudiantes, por el retorno a clases presenciales, explic\u00f3 que existe un protocolo sanitario a ejecutar en caso de que se presentaran contagios entre los estudiantes pero que, por el momento, no existe un gran incremento de casos. Auza detall\u00f3 que un 43% ya se vacun\u00f3 con la primera dosis y 26,7% con esquema completo en los ni\u00f1os de cinco a 11 a\u00f1os; en el caso de los ni\u00f1os y adolescentes de 12 a 17 a\u00f1os, 54,1% cuentan con la primera dosis y 39,7% con el esquema completo.\u00a0<\/p>\n\n\n\n<p>Sobre la posibilidad de eliminar la obligatoriedad en el uso de barbijo en espacios abiertos, Auza rechaz\u00f3 la propuesta, pues considera que no se puede pensar que la pandemia ha terminado:<\/p>\n\n\n\n<p>&#8220;<em>En este momento nos encontramos en una situaci\u00f3n de la pandemia en que no podemos creer que el incremento de casos va a ceder. No podemos pensar que la pandemia ha terminado o el virus ha desaparecido<\/em>&#8220;, manifest\u00f3.<\/p>\n","protected":false},"excerpt":{"rendered":"<p>Seg\u00fan los reportes del Ministerio de Salud, en Santa Cruz, Beni, Chuquisaca, Potos\u00ed y Oruro se registraron menos casos de COVID-19 en la \u00faltima semana. Al respecto el ministro, Jeyson Auza, declar\u00f3: \u201cHan disminuido los casos por m\u00e1s de siete semanas consecutivas, hoy tambi\u00e9n disminuye de manera leve los casos, eso nos tiene que dar la posibilidad de seguir actuando como si estuvi\u00e9ramos en la escalada m\u00e1s alta\u201d. El ministro inst\u00f3 a la poblaci\u00f3n a no bajar la guardia ante la enfermedad y destac\u00f3 que en el pa\u00eds ya se aplicaron\u00a0 12.971.350 dosis de la vacuna. Por el momento, la<\/p>\n","protected":false},"author":2,"featured_media":18588,"comment_status":"closed","ping_status":"open","sticky":false,"template":"","format":"standard","meta":{"_seopress_robots_primary_cat":"none","_seopress_titles_title":"","_seopress_titles_desc":"","_seopress_robots_index":"","_jetpack_memberships_contains_paid_content":false,"footnotes":""},"categories":[103,201],"tags":[109,474,533,252,229,312],"class_list":["post-18585","post","type-post","status-publish","format-standard","has-post-thumbnail","hentry","category-nacional","category-salud","tag-bolivia","tag-covid-19","tag-desescalada","tag-jeyson-auza","tag-salud","tag-vacuna"],"jetpack_featured_media_url":"https:\/\/elradar.info\/wp-content\/uploads\/2022\/03\/AUZA.jpeg","jetpack_sharing_enabled":true,"amp_enabled":true,"_links":{"self":[{"href":"https:\/\/elradar.info\/index.php?rest_route=\/wp\/v2\/posts\/18585","targetHints":{"allow":["GET"]}}],"collection":[{"href":"https:\/\/elradar.info\/index.php?rest_route=\/wp\/v2\/posts"}],"about":[{"href":"https:\/\/elradar.info\/index.php?rest_route=\/wp\/v2\/types\/post"}],"author":[{"embeddable":true,"href":"https:\/\/elradar.info\/index.php?rest_route=\/wp\/v2\/users\/2"}],"replies":[{"embeddable":true,"href":"https:\/\/elradar.info\/index.php?rest_route=%2Fwp%2Fv2%2Fcomments&post=18585"}],"version-history":[{"count":1,"href":"https:\/\/elradar.info\/index.php?rest_route=\/wp\/v2\/posts\/18585\/revisions"}],"predecessor-version":[{"id":18630,"href":"https:\/\/elradar.info\/index.php?rest_route=\/wp\/v2\/posts\/18585\/revisions\/18630"}],"wp:featuredmedia":[{"embeddable":true,"href":"https:\/\/elradar.info\/index.php?rest_route=\/wp\/v2\/media\/18588"}],"wp:attachment":[{"href":"https:\/\/elradar.info\/index.php?rest_route=%2Fwp%2Fv2%2Fmedia&parent=18585"}],"wp:term":[{"taxonomy":"category","embeddable":true,"href":"https:\/\/elradar.info\/index.php?rest_route=%2Fwp%2Fv2%2Fcategories&post=18585"},{"taxonomy":"post_tag","embeddable":true,"href":"https:\/\/elradar.info\/index.php?rest_route=%2Fwp%2Fv2%2Ftags&post=18585"}],"curies":[{"name":"wp","href":"https:\/\/api.w.org\/{rel}","templated":true}]}}