{"id":20213,"date":"2022-04-01T12:28:44","date_gmt":"2022-04-01T16:28:44","guid":{"rendered":"http:\/\/elradar.info\/?p=20213"},"modified":"2024-02-01T12:20:53","modified_gmt":"2024-02-01T16:20:53","slug":"faltan-pocas-horas-para-que-se-cierre-la-recepcion-de-postulantes-a-defensor-del-pueblo","status":"publish","type":"post","link":"https:\/\/elradar.info\/?p=20213","title":{"rendered":"Faltan pocas horas para que se cierre la recepci\u00f3n de postulantes a Defensor del Pueblo"},"content":{"rendered":"\n<p>Cuando faltan pocas horas para el cierre de la recepci\u00f3n de postulaciones al cargo de Defensor del Pueblo, son 65 personas las que dejaron sus documentos a\u00a0 la Comisi\u00f3n Mixta de Constituci\u00f3n, Legislaci\u00f3n y Sistema Electoral, de las cuales, 33 se presentaron el d\u00eda de ayer.<\/p>\n\n\n\n<p>Del total, hasta ahora, 48 son varones y 17 mujeres. El origen y formaci\u00f3n de los candidatos es heterog\u00e9neo, siendo uno de los m\u00e1s destacables el ind\u00edgena originario, Ra\u00fal Alejo Quispe, quien es la primera persona no vidente en hacer su postulaci\u00f3n al cargo.<\/p>\n\n\n\n<p>La esperada postulaci\u00f3n de la activista, Mar\u00eda Galindo, no se dio pues hoy, en medio de una performance, la misma declar\u00f3:<\/p>\n\n\n\n<p><em>\u201cHay mucha gente que me est\u00e1 apoyando en esta postulaci\u00f3n. Si la poblaci\u00f3n tuviera el derecho de elegir y la poblaci\u00f3n me eligiera yo aceptar\u00eda ese desaf\u00edo con todo el honor de mi vida, con el mayor compromiso, pero resulta que es la Asamblea la que elige y resulta que yo no la respeto. No puedo pedir el voto a una Asamblea que no respecto y que no respeta a la sociedad\u201d.<\/em><\/p>\n\n\n\n<p>Al tiempo que tiraba sus requisitos a un basurero como forma de protesta.<\/p>\n\n\n\n<p>Se recibir\u00e1 la documentaci\u00f3n hoy hasta las 18:00 en el Palacio de la Revoluci\u00f3n, mientras que la apertura de sobres est\u00e1 prevista para ma\u00f1ana.<\/p>\n","protected":false},"excerpt":{"rendered":"<p>Cuando faltan pocas horas para el cierre de la recepci\u00f3n de postulaciones al cargo de Defensor del Pueblo, son 65 personas las que dejaron sus documentos a\u00a0 la Comisi\u00f3n Mixta de Constituci\u00f3n, Legislaci\u00f3n y Sistema Electoral, de las cuales, 33 se presentaron el d\u00eda de ayer. Del total, hasta ahora, 48 son varones y 17 mujeres. El origen y formaci\u00f3n de los candidatos es heterog\u00e9neo, siendo uno de los m\u00e1s destacables el ind\u00edgena originario, Ra\u00fal Alejo Quispe, quien es la primera persona no vidente en hacer su postulaci\u00f3n al cargo. La esperada postulaci\u00f3n de la activista, Mar\u00eda Galindo, no se<\/p>\n","protected":false},"author":2,"featured_media":20216,"comment_status":"closed","ping_status":"open","sticky":false,"template":"","format":"standard","meta":{"_seopress_robots_primary_cat":"none","_seopress_titles_title":"","_seopress_titles_desc":"","_seopress_robots_index":"","_jetpack_memberships_contains_paid_content":false,"footnotes":""},"categories":[103],"tags":[109,778,461,293,760,780],"class_list":["post-20213","post","type-post","status-publish","format-standard","has-post-thumbnail","hentry","category-nacional","tag-bolivia","tag-comision-mixta-de-constitucion","tag-defensor-del-pueblo","tag-la-paz","tag-postulacion","tag-recepcion-de-postulantes"],"jetpack_featured_media_url":"https:\/\/elradar.info\/wp-content\/uploads\/2022\/04\/foto-abi_1886026697_1140x520.jpeg","jetpack_sharing_enabled":true,"amp_enabled":true,"_links":{"self":[{"href":"https:\/\/elradar.info\/index.php?rest_route=\/wp\/v2\/posts\/20213","targetHints":{"allow":["GET"]}}],"collection":[{"href":"https:\/\/elradar.info\/index.php?rest_route=\/wp\/v2\/posts"}],"about":[{"href":"https:\/\/elradar.info\/index.php?rest_route=\/wp\/v2\/types\/post"}],"author":[{"embeddable":true,"href":"https:\/\/elradar.info\/index.php?rest_route=\/wp\/v2\/users\/2"}],"replies":[{"embeddable":true,"href":"https:\/\/elradar.info\/index.php?rest_route=%2Fwp%2Fv2%2Fcomments&post=20213"}],"version-history":[{"count":1,"href":"https:\/\/elradar.info\/index.php?rest_route=\/wp\/v2\/posts\/20213\/revisions"}],"predecessor-version":[{"id":20217,"href":"https:\/\/elradar.info\/index.php?rest_route=\/wp\/v2\/posts\/20213\/revisions\/20217"}],"wp:featuredmedia":[{"embeddable":true,"href":"https:\/\/elradar.info\/index.php?rest_route=\/wp\/v2\/media\/20216"}],"wp:attachment":[{"href":"https:\/\/elradar.info\/index.php?rest_route=%2Fwp%2Fv2%2Fmedia&parent=20213"}],"wp:term":[{"taxonomy":"category","embeddable":true,"href":"https:\/\/elradar.info\/index.php?rest_route=%2Fwp%2Fv2%2Fcategories&post=20213"},{"taxonomy":"post_tag","embeddable":true,"href":"https:\/\/elradar.info\/index.php?rest_route=%2Fwp%2Fv2%2Ftags&post=20213"}],"curies":[{"name":"wp","href":"https:\/\/api.w.org\/{rel}","templated":true}]}}