{"id":20220,"date":"2022-04-01T12:48:02","date_gmt":"2022-04-01T16:48:02","guid":{"rendered":"http:\/\/elradar.info\/?p=20220"},"modified":"2024-02-01T12:20:53","modified_gmt":"2024-02-01T16:20:53","slug":"camacho-debera-responder-ocho-consultas-sobre-el-decreto-373","status":"publish","type":"post","link":"https:\/\/elradar.info\/?p=20220","title":{"rendered":"Camacho, deber\u00e1 responder ocho consultas sobre el Decreto 373"},"content":{"rendered":"\n<p>Luis Fernando Camacho, gobernador del departamento de Santa Cruz, deber\u00e1 responder a ocho preguntas relacionadas al Decreto 373 a trav\u00e9s del que se presume vulner\u00f3 el Estatuto Auton\u00f3mico del departamento.<\/p>\n\n\n\n<p><em>\u201cEs evidente que hubo irregularidades, que quer\u00eda deslindarse de sus responsabilidades, a pesar de que el se\u00f1or gobernador ha admitido que s\u00ed ten\u00eda conocimiento (del Decreto), pero que jam\u00e1s hubiese autorizado que se publique en la Gaceta Oficial. En esta petici\u00f3n vamos a solicitar los informes t\u00e9cnicos, jur\u00eddicos y tambi\u00e9n los antecedentes\u201d<\/em>, indic\u00f3 la diputada Estefan\u00eda Morales.<\/p>\n\n\n\n<p>La Comisi\u00f3n de Organizaci\u00f3n Territorial del Estado y Autonom\u00edas de la Asamblea Legislativa Plurinacional (ALP) cit\u00f3 al gobernador de Santa Cruz, para el 7 de abril con el fin de que responda a una Petici\u00f3n de Informe Oral (PIO)<\/p>\n","protected":false},"excerpt":{"rendered":"<p>Luis Fernando Camacho, gobernador del departamento de Santa Cruz, deber\u00e1 responder a ocho preguntas relacionadas al Decreto 373 a trav\u00e9s del que se presume vulner\u00f3 el Estatuto Auton\u00f3mico del departamento. \u201cEs evidente que hubo irregularidades, que quer\u00eda deslindarse de sus responsabilidades, a pesar de que el se\u00f1or gobernador ha admitido que s\u00ed ten\u00eda conocimiento (del Decreto), pero que jam\u00e1s hubiese autorizado que se publique en la Gaceta Oficial. En esta petici\u00f3n vamos a solicitar los informes t\u00e9cnicos, jur\u00eddicos y tambi\u00e9n los antecedentes\u201d, indic\u00f3 la diputada Estefan\u00eda Morales. La Comisi\u00f3n de Organizaci\u00f3n Territorial del Estado y Autonom\u00edas de la Asamblea Legislativa<\/p>\n","protected":false},"author":2,"featured_media":20223,"comment_status":"closed","ping_status":"open","sticky":false,"template":"","format":"standard","meta":{"_seopress_robots_primary_cat":"none","_seopress_titles_title":"","_seopress_titles_desc":"","_seopress_robots_index":"","_jetpack_memberships_contains_paid_content":false,"footnotes":""},"categories":[103],"tags":[501,109,783,577,781,782,235,784,167],"class_list":["post-20220","post","type-post","status-publish","format-standard","has-post-thumbnail","hentry","category-nacional","tag-asamblea-legislativa-plurinacional","tag-bolivia","tag-comision-de-organizacion-territorial-del-estado-y-autonomias","tag-decreto-373","tag-estatuto-autonomico","tag-estefania-morales","tag-luis-fernando-camacho","tag-peticion-de-informe-oral","tag-santa-cruz"],"jetpack_featured_media_url":"https:\/\/elradar.info\/wp-content\/uploads\/2022\/04\/luis_fernando_camachox_a_santa_cruz_civic_leader_and_major_opposition_figurex_speaks_to_his_supporters_in_la_pazx_boliviax_november_10x_2019_.jpg","jetpack_sharing_enabled":true,"amp_enabled":true,"_links":{"self":[{"href":"https:\/\/elradar.info\/index.php?rest_route=\/wp\/v2\/posts\/20220","targetHints":{"allow":["GET"]}}],"collection":[{"href":"https:\/\/elradar.info\/index.php?rest_route=\/wp\/v2\/posts"}],"about":[{"href":"https:\/\/elradar.info\/index.php?rest_route=\/wp\/v2\/types\/post"}],"author":[{"embeddable":true,"href":"https:\/\/elradar.info\/index.php?rest_route=\/wp\/v2\/users\/2"}],"replies":[{"embeddable":true,"href":"https:\/\/elradar.info\/index.php?rest_route=%2Fwp%2Fv2%2Fcomments&post=20220"}],"version-history":[{"count":1,"href":"https:\/\/elradar.info\/index.php?rest_route=\/wp\/v2\/posts\/20220\/revisions"}],"predecessor-version":[{"id":20224,"href":"https:\/\/elradar.info\/index.php?rest_route=\/wp\/v2\/posts\/20220\/revisions\/20224"}],"wp:featuredmedia":[{"embeddable":true,"href":"https:\/\/elradar.info\/index.php?rest_route=\/wp\/v2\/media\/20223"}],"wp:attachment":[{"href":"https:\/\/elradar.info\/index.php?rest_route=%2Fwp%2Fv2%2Fmedia&parent=20220"}],"wp:term":[{"taxonomy":"category","embeddable":true,"href":"https:\/\/elradar.info\/index.php?rest_route=%2Fwp%2Fv2%2Fcategories&post=20220"},{"taxonomy":"post_tag","embeddable":true,"href":"https:\/\/elradar.info\/index.php?rest_route=%2Fwp%2Fv2%2Ftags&post=20220"}],"curies":[{"name":"wp","href":"https:\/\/api.w.org\/{rel}","templated":true}]}}