{"id":20230,"date":"2022-04-01T14:41:37","date_gmt":"2022-04-01T18:41:37","guid":{"rendered":"http:\/\/elradar.info\/?p=20230"},"modified":"2024-02-01T12:20:53","modified_gmt":"2024-02-01T16:20:53","slug":"gobierno-creara-mas-de-2000-items-en-salud-y-lamenta-que-por-intereses-politicos-se-niegue-la-atencion-a-la-poblacion","status":"publish","type":"post","link":"https:\/\/elradar.info\/?p=20230","title":{"rendered":"Gobierno crear\u00e1 m\u00e1s de 2000 \u00edtems en salud y lamenta que por intereses pol\u00edticos se niegue la atenci\u00f3n a la poblaci\u00f3n"},"content":{"rendered":"\n<p>El Gobierno nacional tiene planificada la creaci\u00f3n de m\u00e1s de 2.000 \u00edtems en esta gesti\u00f3n para mejorar la atenci\u00f3n sanitaria en el pa\u00eds.<\/p>\n\n\n\n<p><em>\u201cNosotros tenemos planificado crear m\u00e1s de 2.000 \u00edtems para esta gesti\u00f3n, situaci\u00f3n que no se ha dado en gestiones anteriores. El Gobierno siempre ha estado abierto al di\u00e1logo, pero el mismo no se puede llevar adelante cuando se coarta el derecho a la salud al pueblo boliviano por intereses pol\u00edticos\u201d<\/em>, lament\u00f3 el ministro de Salud y Deportes, Jeyson Auza.<\/p>\n\n\n\n<p>Auza se\u00f1al\u00f3 que de acuerdo a la normativa vigente en el pa\u00eds se proceder\u00e1 al descuento respectivo a aquellos profesionales en salud que no asistieron a sus fuentes laborales y felicit\u00f3 a quienes priorizan la salud del pueblo antes de intereses netamente sectarios.<\/p>\n\n\n\n<p>La Confederaci\u00f3n Sindical de Trabajadores en Salud de Bolivia lleva adelante un paro movilizado de 24 horas en exigencia a la atenci\u00f3n de un pliego de varios puntos, sin embargo, en varias regiones del pa\u00eds, la medida no fue acatada.\u00a0 \u00a0<\/p>\n\n\n\n<p><\/p>\n","protected":false},"excerpt":{"rendered":"<p>El Gobierno nacional tiene planificada la creaci\u00f3n de m\u00e1s de 2.000 \u00edtems en esta gesti\u00f3n para mejorar la atenci\u00f3n sanitaria en el pa\u00eds. \u201cNosotros tenemos planificado crear m\u00e1s de 2.000 \u00edtems para esta gesti\u00f3n, situaci\u00f3n que no se ha dado en gestiones anteriores. El Gobierno siempre ha estado abierto al di\u00e1logo, pero el mismo no se puede llevar adelante cuando se coarta el derecho a la salud al pueblo boliviano por intereses pol\u00edticos\u201d, lament\u00f3 el ministro de Salud y Deportes, Jeyson Auza. Auza se\u00f1al\u00f3 que de acuerdo a la normativa vigente en el pa\u00eds se proceder\u00e1 al descuento respectivo a<\/p>\n","protected":false},"author":2,"featured_media":20233,"comment_status":"closed","ping_status":"open","sticky":false,"template":"","format":"standard","meta":{"_seopress_robots_primary_cat":"none","_seopress_titles_title":"","_seopress_titles_desc":"","_seopress_robots_index":"","_jetpack_memberships_contains_paid_content":false,"footnotes":""},"categories":[103,201],"tags":[109,787,708,785,252,398,229],"class_list":["post-20230","post","type-post","status-publish","format-standard","has-post-thumbnail","hentry","category-nacional","category-salud","tag-bolivia","tag-confederacion-sindical-de-trabajadores-en-salud-de-bolivia","tag-gobierno-nacional","tag-items","tag-jeyson-auza","tag-ministerio-de-salud-y-deportes","tag-salud"],"jetpack_featured_media_url":"https:\/\/elradar.info\/wp-content\/uploads\/2022\/04\/WhatsApp-Image-2022-04-01-at-2.25.12-PM-copia.jpg","jetpack_sharing_enabled":true,"amp_enabled":true,"_links":{"self":[{"href":"https:\/\/elradar.info\/index.php?rest_route=\/wp\/v2\/posts\/20230","targetHints":{"allow":["GET"]}}],"collection":[{"href":"https:\/\/elradar.info\/index.php?rest_route=\/wp\/v2\/posts"}],"about":[{"href":"https:\/\/elradar.info\/index.php?rest_route=\/wp\/v2\/types\/post"}],"author":[{"embeddable":true,"href":"https:\/\/elradar.info\/index.php?rest_route=\/wp\/v2\/users\/2"}],"replies":[{"embeddable":true,"href":"https:\/\/elradar.info\/index.php?rest_route=%2Fwp%2Fv2%2Fcomments&post=20230"}],"version-history":[{"count":4,"href":"https:\/\/elradar.info\/index.php?rest_route=\/wp\/v2\/posts\/20230\/revisions"}],"predecessor-version":[{"id":20239,"href":"https:\/\/elradar.info\/index.php?rest_route=\/wp\/v2\/posts\/20230\/revisions\/20239"}],"wp:featuredmedia":[{"embeddable":true,"href":"https:\/\/elradar.info\/index.php?rest_route=\/wp\/v2\/media\/20233"}],"wp:attachment":[{"href":"https:\/\/elradar.info\/index.php?rest_route=%2Fwp%2Fv2%2Fmedia&parent=20230"}],"wp:term":[{"taxonomy":"category","embeddable":true,"href":"https:\/\/elradar.info\/index.php?rest_route=%2Fwp%2Fv2%2Fcategories&post=20230"},{"taxonomy":"post_tag","embeddable":true,"href":"https:\/\/elradar.info\/index.php?rest_route=%2Fwp%2Fv2%2Ftags&post=20230"}],"curies":[{"name":"wp","href":"https:\/\/api.w.org\/{rel}","templated":true}]}}