{"id":20333,"date":"2022-04-04T16:01:37","date_gmt":"2022-04-04T20:01:37","guid":{"rendered":"http:\/\/elradar.info\/?p=20333"},"modified":"2024-02-01T12:20:52","modified_gmt":"2024-02-01T16:20:52","slug":"felcn-denuncia-de-evo-tiene-otro-tipo-de-intereses","status":"publish","type":"post","link":"https:\/\/elradar.info\/?p=20333","title":{"rendered":"FELCN: Denuncia de Evo tiene \u201cotro tipo de intereses\u201d"},"content":{"rendered":"\n<p>El director General de la Fuerza Especial de Lucha Contra el Narcotr\u00e1fico, Cnel. Jos\u00e9 Mar\u00eda Velasco, sospecha que la denuncia del expresidente Evo Morales tiene otro tinte y otro tipo de intereses, no descarta que se trate de un \u201cmontaje\u201d para desprestigiar a la instituci\u00f3n antidroga.<\/p>\n\n\n\n<p>El expresidente Morales present\u00f3 hoy un audio de un polic\u00eda subalterno presuntamente con un coronel quien le dice que abandonen un operativo en el que hubieran encontrado un laboratorio de droga.<\/p>\n\n\n\n<p>En este marco, Velasco se\u00f1al\u00f3 que bajo su direcci\u00f3n y en coordinaci\u00f3n con el Ministerio de Gobierno no se ha dado protecci\u00f3n a ning\u00fan narcotraficante en el pa\u00eds. Al precisar que a diferencia de otras gestiones fueron felicitados por la UNODC.<\/p>\n\n\n\n<p>El jefe antidroga dijo que instruy\u00f3 la investigaci\u00f3n del caso, para que se determine la veracidad de los audios y se establezca si existen personas de la FELCN que est\u00e9n involucradas en el supuesto delito de encubrimiento del narcotr\u00e1fico.<\/p>\n\n\n\n<p><\/p>\n","protected":false},"excerpt":{"rendered":"<p>El director General de la Fuerza Especial de Lucha Contra el Narcotr\u00e1fico, Cnel. Jos\u00e9 Mar\u00eda Velasco, sospecha que la denuncia del expresidente Evo Morales tiene otro tinte y otro tipo de intereses, no descarta que se trate de un \u201cmontaje\u201d para desprestigiar a la instituci\u00f3n antidroga. El expresidente Morales present\u00f3 hoy un audio de un polic\u00eda subalterno presuntamente con un coronel quien le dice que abandonen un operativo en el que hubieran encontrado un laboratorio de droga. En este marco, Velasco se\u00f1al\u00f3 que bajo su direcci\u00f3n y en coordinaci\u00f3n con el Ministerio de Gobierno no se ha dado protecci\u00f3n a<\/p>\n","protected":false},"author":2,"featured_media":20340,"comment_status":"closed","ping_status":"open","sticky":false,"template":"","format":"standard","meta":{"_seopress_robots_primary_cat":"none","_seopress_titles_title":"","_seopress_titles_desc":"","_seopress_robots_index":"","_jetpack_memberships_contains_paid_content":false,"footnotes":""},"categories":[103],"tags":[109,837,839,832,679,250,838],"class_list":["post-20333","post","type-post","status-publish","format-standard","has-post-thumbnail","hentry","category-nacional","tag-bolivia","tag-cnel-jose-maria-velasco","tag-denuncia","tag-evo-morales-ayma","tag-felcn","tag-narcotrafico","tag-unodc"],"jetpack_featured_media_url":"https:\/\/elradar.info\/wp-content\/uploads\/2022\/04\/277813284_1381333525677455_5580542677619235493_n.png","jetpack_sharing_enabled":true,"amp_enabled":true,"_links":{"self":[{"href":"https:\/\/elradar.info\/index.php?rest_route=\/wp\/v2\/posts\/20333","targetHints":{"allow":["GET"]}}],"collection":[{"href":"https:\/\/elradar.info\/index.php?rest_route=\/wp\/v2\/posts"}],"about":[{"href":"https:\/\/elradar.info\/index.php?rest_route=\/wp\/v2\/types\/post"}],"author":[{"embeddable":true,"href":"https:\/\/elradar.info\/index.php?rest_route=\/wp\/v2\/users\/2"}],"replies":[{"embeddable":true,"href":"https:\/\/elradar.info\/index.php?rest_route=%2Fwp%2Fv2%2Fcomments&post=20333"}],"version-history":[{"count":1,"href":"https:\/\/elradar.info\/index.php?rest_route=\/wp\/v2\/posts\/20333\/revisions"}],"predecessor-version":[{"id":20337,"href":"https:\/\/elradar.info\/index.php?rest_route=\/wp\/v2\/posts\/20333\/revisions\/20337"}],"wp:featuredmedia":[{"embeddable":true,"href":"https:\/\/elradar.info\/index.php?rest_route=\/wp\/v2\/media\/20340"}],"wp:attachment":[{"href":"https:\/\/elradar.info\/index.php?rest_route=%2Fwp%2Fv2%2Fmedia&parent=20333"}],"wp:term":[{"taxonomy":"category","embeddable":true,"href":"https:\/\/elradar.info\/index.php?rest_route=%2Fwp%2Fv2%2Fcategories&post=20333"},{"taxonomy":"post_tag","embeddable":true,"href":"https:\/\/elradar.info\/index.php?rest_route=%2Fwp%2Fv2%2Ftags&post=20333"}],"curies":[{"name":"wp","href":"https:\/\/api.w.org\/{rel}","templated":true}]}}