{"id":20342,"date":"2022-04-05T10:53:13","date_gmt":"2022-04-05T14:53:13","guid":{"rendered":"http:\/\/elradar.info\/?p=20342"},"modified":"2024-02-01T12:20:52","modified_gmt":"2024-02-01T16:20:52","slug":"mujer-fingia-embarazo-para-cometer-extorsion","status":"publish","type":"post","link":"https:\/\/elradar.info\/?p=20342","title":{"rendered":"Mujer fing\u00eda embarazo para cometer extorsi\u00f3n"},"content":{"rendered":"\n<p>Una mujer de 27 a\u00f1os fue aprehendida en la ciudad de El Alto, tras ser acusada de cometer extorsi\u00f3n contra su ex-pareja fingiendo estar embarazada. Ya ten\u00eda antecedente de haber cometido el mismo crimen.<\/p>\n\n\n\n<p>El Ministerio de Gobierno expuso hoy el caso de una mujer de 27 a\u00f1os que fue aprehendida en la ciudad de El Alto, acusada de cometer extorsi\u00f3n contra su expareja fingiendo estar embarazada para obtener una alta suma de dinero o realizar\u00eda una denuncia por abandono.<\/p>\n\n\n\n<p><em>\u201cExig\u00eda a su ex pareja la suma de Bs 70 mil para realizarse un aborto, bajo la amenaza de que si no le daba ese dinero ella dir\u00eda que fue abusada por \u00e9l\u201d<\/em>, detall\u00f3 el Ministro en redes sociales.<\/p>\n\n\n\n<p>La sindicada ya ten\u00eda un antecedente habr\u00eda realizado lo mismo el a\u00f1o 2021 donde logr\u00f3 sonsacar la suma de Bs 69 mil, seg\u00fan informe del Ministerio de Gobierno.<\/p>\n\n\n\n<p><\/p>\n","protected":false},"excerpt":{"rendered":"<p>Una mujer de 27 a\u00f1os fue aprehendida en la ciudad de El Alto, tras ser acusada de cometer extorsi\u00f3n contra su ex-pareja fingiendo estar embarazada. Ya ten\u00eda antecedente de haber cometido el mismo crimen. El Ministerio de Gobierno expuso hoy el caso de una mujer de 27 a\u00f1os que fue aprehendida en la ciudad de El Alto, acusada de cometer extorsi\u00f3n contra su expareja fingiendo estar embarazada para obtener una alta suma de dinero o realizar\u00eda una denuncia por abandono. \u201cExig\u00eda a su ex pareja la suma de Bs 70 mil para realizarse un aborto, bajo la amenaza de que<\/p>\n","protected":false},"author":2,"featured_media":20346,"comment_status":"closed","ping_status":"open","sticky":false,"template":"","format":"standard","meta":{"_seopress_robots_primary_cat":"none","_seopress_titles_title":"","_seopress_titles_desc":"","_seopress_robots_index":"","_jetpack_memberships_contains_paid_content":false,"footnotes":""},"categories":[103],"tags":[841,109,129,401,840,246],"class_list":["post-20342","post","type-post","status-publish","format-standard","has-post-thumbnail","hentry","category-nacional","tag-aborto","tag-bolivia","tag-eduardo-del-castillo","tag-el-alto","tag-extorsion","tag-ministerio-de-gobierno"],"jetpack_featured_media_url":"https:\/\/elradar.info\/wp-content\/uploads\/2022\/04\/277719581_376640977656539_2287105883830279731_n.jpg","jetpack_sharing_enabled":true,"amp_enabled":true,"_links":{"self":[{"href":"https:\/\/elradar.info\/index.php?rest_route=\/wp\/v2\/posts\/20342","targetHints":{"allow":["GET"]}}],"collection":[{"href":"https:\/\/elradar.info\/index.php?rest_route=\/wp\/v2\/posts"}],"about":[{"href":"https:\/\/elradar.info\/index.php?rest_route=\/wp\/v2\/types\/post"}],"author":[{"embeddable":true,"href":"https:\/\/elradar.info\/index.php?rest_route=\/wp\/v2\/users\/2"}],"replies":[{"embeddable":true,"href":"https:\/\/elradar.info\/index.php?rest_route=%2Fwp%2Fv2%2Fcomments&post=20342"}],"version-history":[{"count":1,"href":"https:\/\/elradar.info\/index.php?rest_route=\/wp\/v2\/posts\/20342\/revisions"}],"predecessor-version":[{"id":20347,"href":"https:\/\/elradar.info\/index.php?rest_route=\/wp\/v2\/posts\/20342\/revisions\/20347"}],"wp:featuredmedia":[{"embeddable":true,"href":"https:\/\/elradar.info\/index.php?rest_route=\/wp\/v2\/media\/20346"}],"wp:attachment":[{"href":"https:\/\/elradar.info\/index.php?rest_route=%2Fwp%2Fv2%2Fmedia&parent=20342"}],"wp:term":[{"taxonomy":"category","embeddable":true,"href":"https:\/\/elradar.info\/index.php?rest_route=%2Fwp%2Fv2%2Fcategories&post=20342"},{"taxonomy":"post_tag","embeddable":true,"href":"https:\/\/elradar.info\/index.php?rest_route=%2Fwp%2Fv2%2Ftags&post=20342"}],"curies":[{"name":"wp","href":"https:\/\/api.w.org\/{rel}","templated":true}]}}