{"id":20487,"date":"2022-04-07T13:49:18","date_gmt":"2022-04-07T17:49:18","guid":{"rendered":"http:\/\/elradar.info\/?p=20487"},"modified":"2024-02-01T12:20:50","modified_gmt":"2024-02-01T16:20:50","slug":"la-policia-investiga-al-capitan-erick-teran","status":"publish","type":"post","link":"https:\/\/elradar.info\/?p=20487","title":{"rendered":"<strong>La polic\u00eda investiga al capit\u00e1n Erick Ter\u00e1n<\/strong>"},"content":{"rendered":"\n<p>La Direcci\u00f3n Departamental de Responsabilidad Profesional (DDRP) inici\u00f3 una investigaci\u00f3n contra el capit\u00e1n de la Polic\u00eda de Cochabamba, Erick Ter\u00e1n, por ocho faltas graves previstas en el Reglamento de Faltas Disciplinarias y sus Sanciones de la Polic\u00eda Nacional.<\/p>\n\n\n\n<p>Las faltas por las que el capit\u00e1n es investigado tienen que ver con un caso de 2010, cuando Ter\u00e1n intervino mientras un equipo de DIPROVE detectaba una vagoneta Rav 4 con placas clonadas que era de su propiedad.<\/p>\n\n\n\n<p>Por este incidente, las faltas que se le atribuyen a Ter\u00e1n son:&nbsp; realizar actividades que afectan negativamente al prestigio institucional (inciso A numeral 3), por incumplimiento temerario o doloso de sus deberes (inciso B numeral 1), por atribuirse por razones de inter\u00e9s personal un grado, cargos o prerrogativas que no le competen para favorecer o perjudicar a terceras personas (inciso B numeral 4), por no respetar la dignidad humana de los funcionarios subalternos (inciso B numeral 24),&nbsp; por faltar de palabra y agredir a un subalterno (inciso C numeral 9), por prestar su chamarra de la Polic\u00eda Nacional a particulares (inciso D numeral 7), por incumplimiento y resistencia individual a \u00f3rdenes (inciso D numeral 9) y por agresi\u00f3n entre miembros de la instituci\u00f3n, constituyendo una agravante si la misma se produce contra el personal que se encuentra de servicio o cumpliendo una misi\u00f3n (inciso D numeral 10).<\/p>\n\n\n\n<p>De ser hallado culpable, las sanciones posibles ir\u00edan desde el arresto y la p\u00e9rdida de antig\u00fcedad, hasta la baja definitiva.<\/p>\n","protected":false},"excerpt":{"rendered":"<p>La Direcci\u00f3n Departamental de Responsabilidad Profesional (DDRP) inici\u00f3 una investigaci\u00f3n contra el capit\u00e1n de la Polic\u00eda de Cochabamba, Erick Ter\u00e1n, por ocho faltas graves previstas en el Reglamento de Faltas Disciplinarias y sus Sanciones de la Polic\u00eda Nacional. Las faltas por las que el capit\u00e1n es investigado tienen que ver con un caso de 2010, cuando Ter\u00e1n intervino mientras un equipo de DIPROVE detectaba una vagoneta Rav 4 con placas clonadas que era de su propiedad. Por este incidente, las faltas que se le atribuyen a Ter\u00e1n son:&nbsp; realizar actividades que afectan negativamente al prestigio institucional (inciso A numeral 3),<\/p>\n","protected":false},"author":2,"featured_media":20491,"comment_status":"closed","ping_status":"open","sticky":false,"template":"","format":"standard","meta":{"_seopress_robots_primary_cat":"none","_seopress_titles_title":"","_seopress_titles_desc":"","_seopress_robots_index":"","_jetpack_memberships_contains_paid_content":false,"footnotes":""},"categories":[103],"tags":[109,911,915,913,914,916],"class_list":["post-20487","post","type-post","status-publish","format-standard","has-post-thumbnail","hentry","category-nacional","tag-bolivia","tag-ddrp","tag-diprove","tag-direccion-departamental-de-responsabilidad-profesional","tag-erick-teran","tag-investigacion"],"jetpack_featured_media_url":"https:\/\/elradar.info\/wp-content\/uploads\/2022\/04\/2011N1056-1.jpg","jetpack_sharing_enabled":true,"amp_enabled":true,"_links":{"self":[{"href":"https:\/\/elradar.info\/index.php?rest_route=\/wp\/v2\/posts\/20487","targetHints":{"allow":["GET"]}}],"collection":[{"href":"https:\/\/elradar.info\/index.php?rest_route=\/wp\/v2\/posts"}],"about":[{"href":"https:\/\/elradar.info\/index.php?rest_route=\/wp\/v2\/types\/post"}],"author":[{"embeddable":true,"href":"https:\/\/elradar.info\/index.php?rest_route=\/wp\/v2\/users\/2"}],"replies":[{"embeddable":true,"href":"https:\/\/elradar.info\/index.php?rest_route=%2Fwp%2Fv2%2Fcomments&post=20487"}],"version-history":[{"count":1,"href":"https:\/\/elradar.info\/index.php?rest_route=\/wp\/v2\/posts\/20487\/revisions"}],"predecessor-version":[{"id":20492,"href":"https:\/\/elradar.info\/index.php?rest_route=\/wp\/v2\/posts\/20487\/revisions\/20492"}],"wp:featuredmedia":[{"embeddable":true,"href":"https:\/\/elradar.info\/index.php?rest_route=\/wp\/v2\/media\/20491"}],"wp:attachment":[{"href":"https:\/\/elradar.info\/index.php?rest_route=%2Fwp%2Fv2%2Fmedia&parent=20487"}],"wp:term":[{"taxonomy":"category","embeddable":true,"href":"https:\/\/elradar.info\/index.php?rest_route=%2Fwp%2Fv2%2Fcategories&post=20487"},{"taxonomy":"post_tag","embeddable":true,"href":"https:\/\/elradar.info\/index.php?rest_route=%2Fwp%2Fv2%2Ftags&post=20487"}],"curies":[{"name":"wp","href":"https:\/\/api.w.org\/{rel}","templated":true}]}}