{"id":20541,"date":"2022-04-08T11:06:57","date_gmt":"2022-04-08T15:06:57","guid":{"rendered":"http:\/\/elradar.info\/?p=20541"},"modified":"2024-02-01T12:20:50","modified_gmt":"2024-02-01T16:20:50","slug":"luis-arce-recibe-el-respaldo-de-residentes-bolivianos-en-argentina","status":"publish","type":"post","link":"https:\/\/elradar.info\/?p=20541","title":{"rendered":"Luis Arce recibe el respaldo de residentes bolivianos en Argentina"},"content":{"rendered":"\n<p>En el marco de la visita de Luis Arce Catacora a Argentina, se llev\u00f3 a cabo un encuentro, en el polideportivo Las Rosas, con la multitudinaria comunidad boliviana residente en ese pa\u00eds. En un emotivo discurso, Arce se dirigi\u00f3 a sus conciudadanos:&nbsp;<\/p>\n\n\n\n<p>\u201c<em>Agradecemos ese respaldo popular el a\u00f1o 2020, estamos conscientes, hay mucho que hacer todav\u00eda, pero tambi\u00e9n hermanas y hermanos est\u00e9n seguros que ustedes no van a ser abandonados por este su Gobierno, y por eso hemos venido a decirles eso de manera expresa, directa, aqu\u00ed, en Esc\u00f3bar, en Argentina, para que lo sepan de mi propia voz<\/em>\u201d, enfatiz\u00f3.<\/p>\n\n\n\n<p>Entre algunos de los obsequios y reconocimientos recibidos por Luis Arce est\u00e1 el t\u00edtulo de Doctor Honoris Causa de la Universidad Metropolitana para la Educaci\u00f3n y el Trabajo, y un simb\u00f3lico pa\u00f1uelo blanco de parte de las Madres de la Plaza Mayo. Al respecto, a trav\u00e9s de su cuenta de Twitter destac\u00f3:<\/p>\n\n\n\n<p>\u201c<em>Nuestra eterna gratitud a las hermanas Taty Almeida, de Madres de Plaza de Mayo l\u00ednea fundadora; Lita Boitano, de Familiares de Desaparecidos y Detenidos, y Buscarita Roa, de las Abuelas de Plaza de Mayo, por entregarnos el Pa\u00f1uelo Blanco, s\u00edmbolo de #MemoriaVerdadyJusticia<\/em>.\u201d<\/p>\n\n\n\n<p>En este contexto, Macario Porco, uno de los representantes de los residentes bolivianos en ese pa\u00eds, manifest\u00f3 su respaldo y confianza en el actual gobierno. El encuentro finaliz\u00f3 la apretada agenda del primer mandatario boliviano en el vecino pa\u00eds, donde trat\u00f3 temas energ\u00e9ticos con su hom\u00f3logo argentino.<\/p>\n","protected":false},"excerpt":{"rendered":"<p>En el marco de la visita de Luis Arce Catacora a Argentina, se llev\u00f3 a cabo un encuentro, en el polideportivo Las Rosas, con la multitudinaria comunidad boliviana residente en ese pa\u00eds. En un emotivo discurso, Arce se dirigi\u00f3 a sus conciudadanos:&nbsp; \u201cAgradecemos ese respaldo popular el a\u00f1o 2020, estamos conscientes, hay mucho que hacer todav\u00eda, pero tambi\u00e9n hermanas y hermanos est\u00e9n seguros que ustedes no van a ser abandonados por este su Gobierno, y por eso hemos venido a decirles eso de manera expresa, directa, aqu\u00ed, en Esc\u00f3bar, en Argentina, para que lo sepan de mi propia voz\u201d, enfatiz\u00f3.<\/p>\n","protected":false},"author":2,"featured_media":20546,"comment_status":"closed","ping_status":"open","sticky":false,"template":"","format":"standard","meta":{"_seopress_robots_primary_cat":"none","_seopress_titles_title":"","_seopress_titles_desc":"","_seopress_robots_index":"","_jetpack_memberships_contains_paid_content":false,"footnotes":""},"categories":[107],"tags":[148,938,132,120,940,939,856],"class_list":["post-20541","post","type-post","status-publish","format-standard","has-post-thumbnail","hentry","category-internacional","tag-argentina","tag-comunidad-boliviana","tag-luis-arce","tag-luis-arce-catacora","tag-macario-porco","tag-polideportivo-las-rosas","tag-residentes-bolivianos-en-argentina"],"jetpack_featured_media_url":"https:\/\/elradar.info\/wp-content\/uploads\/2022\/04\/277570806_518332882993372_5627167685257838683_n.png","jetpack_sharing_enabled":true,"amp_enabled":true,"_links":{"self":[{"href":"https:\/\/elradar.info\/index.php?rest_route=\/wp\/v2\/posts\/20541","targetHints":{"allow":["GET"]}}],"collection":[{"href":"https:\/\/elradar.info\/index.php?rest_route=\/wp\/v2\/posts"}],"about":[{"href":"https:\/\/elradar.info\/index.php?rest_route=\/wp\/v2\/types\/post"}],"author":[{"embeddable":true,"href":"https:\/\/elradar.info\/index.php?rest_route=\/wp\/v2\/users\/2"}],"replies":[{"embeddable":true,"href":"https:\/\/elradar.info\/index.php?rest_route=%2Fwp%2Fv2%2Fcomments&post=20541"}],"version-history":[{"count":1,"href":"https:\/\/elradar.info\/index.php?rest_route=\/wp\/v2\/posts\/20541\/revisions"}],"predecessor-version":[{"id":20545,"href":"https:\/\/elradar.info\/index.php?rest_route=\/wp\/v2\/posts\/20541\/revisions\/20545"}],"wp:featuredmedia":[{"embeddable":true,"href":"https:\/\/elradar.info\/index.php?rest_route=\/wp\/v2\/media\/20546"}],"wp:attachment":[{"href":"https:\/\/elradar.info\/index.php?rest_route=%2Fwp%2Fv2%2Fmedia&parent=20541"}],"wp:term":[{"taxonomy":"category","embeddable":true,"href":"https:\/\/elradar.info\/index.php?rest_route=%2Fwp%2Fv2%2Fcategories&post=20541"},{"taxonomy":"post_tag","embeddable":true,"href":"https:\/\/elradar.info\/index.php?rest_route=%2Fwp%2Fv2%2Ftags&post=20541"}],"curies":[{"name":"wp","href":"https:\/\/api.w.org\/{rel}","templated":true}]}}