{"id":20619,"date":"2022-04-09T10:52:05","date_gmt":"2022-04-09T14:52:05","guid":{"rendered":"http:\/\/elradar.info\/?p=20619"},"modified":"2024-02-01T12:20:49","modified_gmt":"2024-02-01T16:20:49","slug":"colegio-medico-y-gobierno-reiniciaran-su-mesa-de-dialogo-el-19-de-abril","status":"publish","type":"post","link":"https:\/\/elradar.info\/?p=20619","title":{"rendered":"<strong>Colegio M\u00e9dico y Gobierno reiniciar\u00e1n su mesa de di\u00e1logo el 19 de abril<\/strong>"},"content":{"rendered":"\n<p>El Ministerio de Salud y el Colegio M\u00e9dico de Bolivia instalaron una mesa de di\u00e1logo en la que trataron un pliego petitorio de 14 puntos. En esta mesa, ambas partes mostraron su predisposici\u00f3n de llegar a un acuerdo, sin embargo, despu\u00e9s de cuatro horas de deliberaci\u00f3n, declararon un cuarto intermedio hasta el 19 de abril.<\/p>\n\n\n\n<p>Al iniciar el encuentro, el ministro de salud, Jeyson Auza, declar\u00f3:<\/p>\n\n\n\n<p>\u201c<em>Queremos saludar las palabras que manifestaban que est\u00e1n viniendo a esta mesa de di\u00e1logo con una completa apertura para solucionar las diferentes dificultades que se hubiesen tenido, para tener no solamente exigencias, sino propuestas. En ese sentido, nosotros tambi\u00e9n manifestamos nuestra total apertura al di\u00e1logo porque nuestra principal preocupaci\u00f3n como Gobierno es precautelar la salud del pueblo boliviano<\/em>\u201d.<\/p>\n\n\n\n<p>Dentro de los 14 puntos presentados por el Colegio M\u00e9dico se encuentra el incremento de \u00edtems, la anulaci\u00f3n de la ley de Emergencia Sanitaria, la institucionalidad de los trabajadores, el pago de salarios, entre otros.<\/p>\n\n\n\n<p>Durante el cuarto intermedio, los galenos aseguraron que no se efectuar\u00e1 ninguna medida de presi\u00f3n y la atenci\u00f3n a la poblaci\u00f3n continuar\u00e1 con normalidad.<\/p>\n","protected":false},"excerpt":{"rendered":"<p>El Ministerio de Salud y el Colegio M\u00e9dico de Bolivia instalaron una mesa de di\u00e1logo en la que trataron un pliego petitorio de 14 puntos. En esta mesa, ambas partes mostraron su predisposici\u00f3n de llegar a un acuerdo, sin embargo, despu\u00e9s de cuatro horas de deliberaci\u00f3n, declararon un cuarto intermedio hasta el 19 de abril. Al iniciar el encuentro, el ministro de salud, Jeyson Auza, declar\u00f3: \u201cQueremos saludar las palabras que manifestaban que est\u00e1n viniendo a esta mesa de di\u00e1logo con una completa apertura para solucionar las diferentes dificultades que se hubiesen tenido, para tener no solamente exigencias, sino propuestas.<\/p>\n","protected":false},"author":2,"featured_media":20622,"comment_status":"closed","ping_status":"open","sticky":false,"template":"","format":"standard","meta":{"_seopress_robots_primary_cat":"none","_seopress_titles_title":"","_seopress_titles_desc":"","_seopress_robots_index":"","_jetpack_memberships_contains_paid_content":false,"footnotes":""},"categories":[103,201],"tags":[969,109,821,252,968,675],"class_list":["post-20619","post","type-post","status-publish","format-standard","has-post-thumbnail","hentry","category-nacional","category-salud","tag-19-de-abril","tag-bolivia","tag-colegio-medico-de-bolivia","tag-jeyson-auza","tag-mesa-de-dialogo","tag-ministerio-de-salud"],"jetpack_featured_media_url":"https:\/\/elradar.info\/wp-content\/uploads\/2022\/04\/WhatsApp_Image_2022-04-09_at_120711_AM.png","jetpack_sharing_enabled":true,"amp_enabled":true,"_links":{"self":[{"href":"https:\/\/elradar.info\/index.php?rest_route=\/wp\/v2\/posts\/20619","targetHints":{"allow":["GET"]}}],"collection":[{"href":"https:\/\/elradar.info\/index.php?rest_route=\/wp\/v2\/posts"}],"about":[{"href":"https:\/\/elradar.info\/index.php?rest_route=\/wp\/v2\/types\/post"}],"author":[{"embeddable":true,"href":"https:\/\/elradar.info\/index.php?rest_route=\/wp\/v2\/users\/2"}],"replies":[{"embeddable":true,"href":"https:\/\/elradar.info\/index.php?rest_route=%2Fwp%2Fv2%2Fcomments&post=20619"}],"version-history":[{"count":1,"href":"https:\/\/elradar.info\/index.php?rest_route=\/wp\/v2\/posts\/20619\/revisions"}],"predecessor-version":[{"id":20623,"href":"https:\/\/elradar.info\/index.php?rest_route=\/wp\/v2\/posts\/20619\/revisions\/20623"}],"wp:featuredmedia":[{"embeddable":true,"href":"https:\/\/elradar.info\/index.php?rest_route=\/wp\/v2\/media\/20622"}],"wp:attachment":[{"href":"https:\/\/elradar.info\/index.php?rest_route=%2Fwp%2Fv2%2Fmedia&parent=20619"}],"wp:term":[{"taxonomy":"category","embeddable":true,"href":"https:\/\/elradar.info\/index.php?rest_route=%2Fwp%2Fv2%2Fcategories&post=20619"},{"taxonomy":"post_tag","embeddable":true,"href":"https:\/\/elradar.info\/index.php?rest_route=%2Fwp%2Fv2%2Ftags&post=20619"}],"curies":[{"name":"wp","href":"https:\/\/api.w.org\/{rel}","templated":true}]}}