{"id":20748,"date":"2022-04-12T13:47:26","date_gmt":"2022-04-12T17:47:26","guid":{"rendered":"http:\/\/elradar.info\/?p=20748"},"modified":"2024-02-01T12:20:48","modified_gmt":"2024-02-01T16:20:48","slug":"funcionario-de-derechos-reales-es-aprehendido-por-solicitar-dinero-para-agilizar-tramites","status":"publish","type":"post","link":"https:\/\/elradar.info\/?p=20748","title":{"rendered":"Funcionario de Derechos Reales es aprehendido por solicitar dinero para\u00a0agilizar tr\u00e1mites"},"content":{"rendered":"\n<p>Un funcionario de la oficina de Derechos Reales de la ciudad de El Alto ped\u00eda dinero a cambio de \u201cagilizar\u201d tr\u00e1mites. Seg\u00fan informaci\u00f3n preliminar, existir\u00edan alrededor de 500 v\u00edctimas que habr\u00edan pagado montos similares.<\/p>\n\n\n\n<p>En conferencia de prensa, el viceministro de Defensa del Consumidor, Jorge Silva, inform\u00f3:<\/p>\n\n\n\n<p>\u201c<em>Hoy, con la Fuerza Especial de Lucha Contra el Crimen (FELCC), se ha realizado un trabajo de inteligencia y se ha encontrado infraganti a un funcionario de Derechos Reales recibiendo la suma de 3.000 bolivianos para agilizar los tr\u00e1mites y entregar el folio real. La denuncia versa que ser\u00edan 500 las personas que habr\u00edan pagado los 3.000 bolivianos para obtener su folio real y agilizar el tr\u00e1mite en Derecho Reales<\/em>\u201d.<\/p>\n\n\n\n<p>Otros hechos irregulares hacen sospechar que el sujeto podr\u00eda ser el cabecilla de una \u201corganizaci\u00f3n delincuencial\u201d, pues en su veh\u00edculo se encontraron 50.000 Bs., y en un bufete de abogados asociado se encontraron sellos, timbres y otros documentos correspondientes a la oficina de Derechos Reales.<\/p>\n\n\n\n<p>Por su parte, el director de la FELCC, Limbert Coca, asegur\u00f3 que se est\u00e1 llevando a cabo una minuciosa investigaci\u00f3n sobre el caso.<\/p>\n","protected":false},"excerpt":{"rendered":"<p>Un funcionario de la oficina de Derechos Reales de la ciudad de El Alto ped\u00eda dinero a cambio de \u201cagilizar\u201d tr\u00e1mites. Seg\u00fan informaci\u00f3n preliminar, existir\u00edan alrededor de 500 v\u00edctimas que habr\u00edan pagado montos similares. En conferencia de prensa, el viceministro de Defensa del Consumidor, Jorge Silva, inform\u00f3: \u201cHoy, con la Fuerza Especial de Lucha Contra el Crimen (FELCC), se ha realizado un trabajo de inteligencia y se ha encontrado infraganti a un funcionario de Derechos Reales recibiendo la suma de 3.000 bolivianos para agilizar los tr\u00e1mites y entregar el folio real. La denuncia versa que ser\u00edan 500 las personas que<\/p>\n","protected":false},"author":2,"featured_media":20751,"comment_status":"closed","ping_status":"open","sticky":false,"template":"","format":"standard","meta":{"_seopress_robots_primary_cat":"none","_seopress_titles_title":"","_seopress_titles_desc":"","_seopress_robots_index":"","_jetpack_memberships_contains_paid_content":false,"footnotes":""},"categories":[103],"tags":[109,1054,401,457,576,1032,1057,1056,1055],"class_list":["post-20748","post","type-post","status-publish","format-standard","has-post-thumbnail","hentry","category-nacional","tag-bolivia","tag-derechos-reales","tag-el-alto","tag-felcc","tag-fuerza-especial-de-lucha-contra-el-crimen","tag-jorge-silva","tag-limbert-coca","tag-organizacion-delincuencial","tag-viceministerio-de-defensa-del-consumidor"],"jetpack_featured_media_url":"https:\/\/elradar.info\/wp-content\/uploads\/2022\/04\/f850x638-392265_469754_5846.png","jetpack_sharing_enabled":true,"amp_enabled":true,"_links":{"self":[{"href":"https:\/\/elradar.info\/index.php?rest_route=\/wp\/v2\/posts\/20748","targetHints":{"allow":["GET"]}}],"collection":[{"href":"https:\/\/elradar.info\/index.php?rest_route=\/wp\/v2\/posts"}],"about":[{"href":"https:\/\/elradar.info\/index.php?rest_route=\/wp\/v2\/types\/post"}],"author":[{"embeddable":true,"href":"https:\/\/elradar.info\/index.php?rest_route=\/wp\/v2\/users\/2"}],"replies":[{"embeddable":true,"href":"https:\/\/elradar.info\/index.php?rest_route=%2Fwp%2Fv2%2Fcomments&post=20748"}],"version-history":[{"count":1,"href":"https:\/\/elradar.info\/index.php?rest_route=\/wp\/v2\/posts\/20748\/revisions"}],"predecessor-version":[{"id":20752,"href":"https:\/\/elradar.info\/index.php?rest_route=\/wp\/v2\/posts\/20748\/revisions\/20752"}],"wp:featuredmedia":[{"embeddable":true,"href":"https:\/\/elradar.info\/index.php?rest_route=\/wp\/v2\/media\/20751"}],"wp:attachment":[{"href":"https:\/\/elradar.info\/index.php?rest_route=%2Fwp%2Fv2%2Fmedia&parent=20748"}],"wp:term":[{"taxonomy":"category","embeddable":true,"href":"https:\/\/elradar.info\/index.php?rest_route=%2Fwp%2Fv2%2Fcategories&post=20748"},{"taxonomy":"post_tag","embeddable":true,"href":"https:\/\/elradar.info\/index.php?rest_route=%2Fwp%2Fv2%2Ftags&post=20748"}],"curies":[{"name":"wp","href":"https:\/\/api.w.org\/{rel}","templated":true}]}}