{"id":21029,"date":"2022-04-19T12:42:47","date_gmt":"2022-04-19T16:42:47","guid":{"rendered":"http:\/\/elradar.info\/?p=21029"},"modified":"2024-02-01T12:20:44","modified_gmt":"2024-02-01T16:20:44","slug":"muere-marco-aramayo-unico-procesado-por-el-caso-fondioc","status":"publish","type":"post","link":"https:\/\/elradar.info\/?p=21029","title":{"rendered":"<strong>Muere Marco Aramayo, \u00fanico procesado por el caso FONDIOC<\/strong>"},"content":{"rendered":"\n<p>La madrugada de hoy muri\u00f3 Marco Aramayo, exdirector del FONDIOC, a los 54 a\u00f1os de edad luego de haber estado internado desde el d\u00eda domingo en terapia intensiva del Hospital de Cotahuma de la ciudad de La Paz, debido a un paro cardiorrespiratorio que deriv\u00f3 en el coma. Su muerte fue confirmada por su esposa y su abogado a primeras horas de la ma\u00f1ana.<\/p>\n\n\n\n<p>Aramayo fue director ejecutivo del FONDIOC entre septiembre de 2013 y febrero de 2015. En 2015 ya enfrentaba 120 denuncias, todas por incumplimiento de deberes, conducta antiecon\u00f3mica y contratos lesivos al Estado, es decir, corrupci\u00f3n en el Fondo Ind\u00edgena por transferencias y desv\u00edos de millonarias sumas de dinero. Desde entonces guard\u00f3 detenci\u00f3n preventiva en el penal de San Pedro.&nbsp;<\/p>\n\n\n\n<p>Desde el inicio de las investigaciones, Aramayo denunci\u00f3 las irregularidades y, parad\u00f3jicamente, se convirti\u00f3 en el \u00fanico procesado, hecho por el que Evo Morales fue ampliamente criticado, pues liber\u00f3 de toda responsabilidad a la exministra Nemesia Achacollo, quien tambi\u00e9n era presidenta del directorio de esa instituci\u00f3n.<\/p>\n","protected":false},"excerpt":{"rendered":"<p>La madrugada de hoy muri\u00f3 Marco Aramayo, exdirector del FONDIOC, a los 54 a\u00f1os de edad luego de haber estado internado desde el d\u00eda domingo en terapia intensiva del Hospital de Cotahuma de la ciudad de La Paz, debido a un paro cardiorrespiratorio que deriv\u00f3 en el coma. Su muerte fue confirmada por su esposa y su abogado a primeras horas de la ma\u00f1ana. Aramayo fue director ejecutivo del FONDIOC entre septiembre de 2013 y febrero de 2015. En 2015 ya enfrentaba 120 denuncias, todas por incumplimiento de deberes, conducta antiecon\u00f3mica y contratos lesivos al Estado, es decir, corrupci\u00f3n en<\/p>\n","protected":false},"author":2,"featured_media":21032,"comment_status":"closed","ping_status":"open","sticky":false,"template":"","format":"standard","meta":{"_seopress_robots_primary_cat":"none","_seopress_titles_title":"","_seopress_titles_desc":"","_seopress_robots_index":"","_jetpack_memberships_contains_paid_content":false,"footnotes":""},"categories":[103],"tags":[109,155,1275,1276,1274,1277],"class_list":["post-21029","post","type-post","status-publish","format-standard","has-post-thumbnail","hentry","category-nacional","tag-bolivia","tag-evo-morales","tag-fondioc","tag-hospital-de-cotahuma","tag-marco-aramayo","tag-nemesia-achacollo"],"jetpack_featured_media_url":"https:\/\/elradar.info\/wp-content\/uploads\/2022\/04\/WhatsApp-Image-2022-04-19-at-8.58.51-AM1.jpeg","jetpack_sharing_enabled":true,"amp_enabled":true,"_links":{"self":[{"href":"https:\/\/elradar.info\/index.php?rest_route=\/wp\/v2\/posts\/21029","targetHints":{"allow":["GET"]}}],"collection":[{"href":"https:\/\/elradar.info\/index.php?rest_route=\/wp\/v2\/posts"}],"about":[{"href":"https:\/\/elradar.info\/index.php?rest_route=\/wp\/v2\/types\/post"}],"author":[{"embeddable":true,"href":"https:\/\/elradar.info\/index.php?rest_route=\/wp\/v2\/users\/2"}],"replies":[{"embeddable":true,"href":"https:\/\/elradar.info\/index.php?rest_route=%2Fwp%2Fv2%2Fcomments&post=21029"}],"version-history":[{"count":1,"href":"https:\/\/elradar.info\/index.php?rest_route=\/wp\/v2\/posts\/21029\/revisions"}],"predecessor-version":[{"id":21033,"href":"https:\/\/elradar.info\/index.php?rest_route=\/wp\/v2\/posts\/21029\/revisions\/21033"}],"wp:featuredmedia":[{"embeddable":true,"href":"https:\/\/elradar.info\/index.php?rest_route=\/wp\/v2\/media\/21032"}],"wp:attachment":[{"href":"https:\/\/elradar.info\/index.php?rest_route=%2Fwp%2Fv2%2Fmedia&parent=21029"}],"wp:term":[{"taxonomy":"category","embeddable":true,"href":"https:\/\/elradar.info\/index.php?rest_route=%2Fwp%2Fv2%2Fcategories&post=21029"},{"taxonomy":"post_tag","embeddable":true,"href":"https:\/\/elradar.info\/index.php?rest_route=%2Fwp%2Fv2%2Ftags&post=21029"}],"curies":[{"name":"wp","href":"https:\/\/api.w.org\/{rel}","templated":true}]}}