{"id":21089,"date":"2022-04-20T11:52:23","date_gmt":"2022-04-20T15:52:23","guid":{"rendered":"http:\/\/elradar.info\/?p=21089"},"modified":"2024-02-01T12:20:44","modified_gmt":"2024-02-01T16:20:44","slug":"amdecruz-se-declara-en-estado-de-emergencia-por-falta-de-atencion-de-camacho","status":"publish","type":"post","link":"https:\/\/elradar.info\/?p=21089","title":{"rendered":"<strong>Amdecruz se declara en estado de emergencia por falta de atenci\u00f3n de Camacho<\/strong>"},"content":{"rendered":"\n<p>Los miembros de la Asociaci\u00f3n de Municipios de Santa Cruz (Amdecruz) expresaron su decepci\u00f3n por la gesti\u00f3n que lleva adelante el gobernador Luis Fernando Camacho, quien a la fecha no atendi\u00f3 ni respondi\u00f3 a las demandas y necesidades del departamento, por lo que se declararon en estado de emergencia.<\/p>\n\n\n\n<p>El presidente de Amdecruz, Hedilberto Cu\u00e9llar, lament\u00f3 la falta de capacidad de Camacho, en la reuni\u00f3n del segundo encuentro departamental de alcaldes y advirti\u00f3 que se definir\u00e1n las medidas que se asumir\u00e1n ante el no acuerdo entre el gobernador y Amdecruz.<\/p>\n\n\n\n<p><em>\u201cLamentablemente casi un a\u00f1o de gesti\u00f3n del se\u00f1or gobernador, a estas alturas no tenga la capacidad de sostener una reuni\u00f3n de este nivel con los colegas alcaldes, de poder solucionar; tan importante es el desayuno escolar, las regal\u00edas que nos corresponde por ley\u00a0 y el presupuesto del POA del 2022\u201d<\/em>, afirm\u00f3 Cu\u00e9llar.<\/p>\n\n\n\n<p>Por su parte, Camacho dio a conocer que firm\u00f3 un acuerdo con 26 alcaldes de Amdecruz en lo relacionado con el desayuno escolar y admiti\u00f3 que no existe presupuesto para asignar nuevos recursos a los municipios, por lo que llam\u00f3 a \u201cluchar por el censo, por el pacto fiscal, por un estado federal\u201d.<\/p>\n\n\n\n<p><em>\u201cEs lo que necesitamos para que se acaben estos problemas (econ\u00f3micos)\u201d<\/em>, afirm\u00f3 esa autoridad cuestionada por varios sectores sociales sobre su gesti\u00f3n.<\/p>\n","protected":false},"excerpt":{"rendered":"<p>Los miembros de la Asociaci\u00f3n de Municipios de Santa Cruz (Amdecruz) expresaron su decepci\u00f3n por la gesti\u00f3n que lleva adelante el gobernador Luis Fernando Camacho, quien a la fecha no atendi\u00f3 ni respondi\u00f3 a las demandas y necesidades del departamento, por lo que se declararon en estado de emergencia. El presidente de Amdecruz, Hedilberto Cu\u00e9llar, lament\u00f3 la falta de capacidad de Camacho, en la reuni\u00f3n del segundo encuentro departamental de alcaldes y advirti\u00f3 que se definir\u00e1n las medidas que se asumir\u00e1n ante el no acuerdo entre el gobernador y Amdecruz. \u201cLamentablemente casi un a\u00f1o de gesti\u00f3n del se\u00f1or gobernador, a<\/p>\n","protected":false},"author":2,"featured_media":21092,"comment_status":"closed","ping_status":"open","sticky":false,"template":"","format":"standard","meta":{"_seopress_robots_primary_cat":"none","_seopress_titles_title":"","_seopress_titles_desc":"","_seopress_robots_index":"","_jetpack_memberships_contains_paid_content":false,"footnotes":""},"categories":[103],"tags":[870,871,109,1316,235,167],"class_list":["post-21089","post","type-post","status-publish","format-standard","has-post-thumbnail","hentry","category-nacional","tag-amdecruz","tag-asociacion-de-municipios-de-santa-cruz","tag-bolivia","tag-hedilberto-cuellar","tag-luis-fernando-camacho","tag-santa-cruz"],"jetpack_featured_media_url":"https:\/\/elradar.info\/wp-content\/uploads\/2022\/04\/278805219_3120236258192741_5318500803645838707_n.jpg","jetpack_sharing_enabled":true,"amp_enabled":true,"_links":{"self":[{"href":"https:\/\/elradar.info\/index.php?rest_route=\/wp\/v2\/posts\/21089","targetHints":{"allow":["GET"]}}],"collection":[{"href":"https:\/\/elradar.info\/index.php?rest_route=\/wp\/v2\/posts"}],"about":[{"href":"https:\/\/elradar.info\/index.php?rest_route=\/wp\/v2\/types\/post"}],"author":[{"embeddable":true,"href":"https:\/\/elradar.info\/index.php?rest_route=\/wp\/v2\/users\/2"}],"replies":[{"embeddable":true,"href":"https:\/\/elradar.info\/index.php?rest_route=%2Fwp%2Fv2%2Fcomments&post=21089"}],"version-history":[{"count":1,"href":"https:\/\/elradar.info\/index.php?rest_route=\/wp\/v2\/posts\/21089\/revisions"}],"predecessor-version":[{"id":21093,"href":"https:\/\/elradar.info\/index.php?rest_route=\/wp\/v2\/posts\/21089\/revisions\/21093"}],"wp:featuredmedia":[{"embeddable":true,"href":"https:\/\/elradar.info\/index.php?rest_route=\/wp\/v2\/media\/21092"}],"wp:attachment":[{"href":"https:\/\/elradar.info\/index.php?rest_route=%2Fwp%2Fv2%2Fmedia&parent=21089"}],"wp:term":[{"taxonomy":"category","embeddable":true,"href":"https:\/\/elradar.info\/index.php?rest_route=%2Fwp%2Fv2%2Fcategories&post=21089"},{"taxonomy":"post_tag","embeddable":true,"href":"https:\/\/elradar.info\/index.php?rest_route=%2Fwp%2Fv2%2Ftags&post=21089"}],"curies":[{"name":"wp","href":"https:\/\/api.w.org\/{rel}","templated":true}]}}