{"id":21213,"date":"2022-04-22T11:17:39","date_gmt":"2022-04-22T15:17:39","guid":{"rendered":"http:\/\/elradar.info\/?p=21213"},"modified":"2024-02-01T12:19:49","modified_gmt":"2024-02-01T16:19:49","slug":"nino-con-sindrome-de-down-es-flagelado-por-su-progenitor","status":"publish","type":"post","link":"https:\/\/elradar.info\/?p=21213","title":{"rendered":"<strong>Ni\u00f1o con s\u00edndrome de Down es flagelado por su progenitor<\/strong>"},"content":{"rendered":"\n<p>En la zona Los Lotes del departamento de Santa Cruz, profesores de una unidad educativa descubrieron un terrible caso de abuso infantil en el que un ni\u00f1o de cuatro a\u00f1os, con s\u00edndrome de Down, fue flagelado por su propio padre.<\/p>\n\n\n\n<p>Las evidentes marcas en el cuerpo del peque\u00f1o hicieron que las autoridades respectivas tomaran cartas en el asunto. Las primeras investigaciones dan cuenta de que la madre del ni\u00f1o tambi\u00e9n ser\u00eda v\u00edctima de abuso por parte del mismo sujeto, por lo que la custodia del menor fue dada, de forma temporal, a la abuela del mismo.<\/p>\n\n\n\n<p>La abogada de oficio, Darling Franco, designada para el caso, inform\u00f3 que se dirigir\u00e1 a la Polic\u00eda de Los Lotes para coadyuvar con las investigaciones y solicitar el encarcelamiento del culpable, quien ya fue aprehendido por las fuerzas del orden: &#8220;<em>El ni\u00f1o fue brutalmente golpeado por su padre y un m\u00e9dico forense le dio 15 d\u00edas de impedimento. La madre es v\u00edctima de violencia, tiene mucho miedo de denunciar<\/em>&#8220;, dijo la abogada.<\/p>\n\n\n\n<p>El caso contin\u00faa bajo investigaci\u00f3n, y en las pr\u00f3ximas horas se tomar\u00e1n declaraciones al personal del colegio del menor.<\/p>\n","protected":false},"excerpt":{"rendered":"<p>En la zona Los Lotes del departamento de Santa Cruz, profesores de una unidad educativa descubrieron un terrible caso de abuso infantil en el que un ni\u00f1o de cuatro a\u00f1os, con s\u00edndrome de Down, fue flagelado por su propio padre. Las evidentes marcas en el cuerpo del peque\u00f1o hicieron que las autoridades respectivas tomaran cartas en el asunto. Las primeras investigaciones dan cuenta de que la madre del ni\u00f1o tambi\u00e9n ser\u00eda v\u00edctima de abuso por parte del mismo sujeto, por lo que la custodia del menor fue dada, de forma temporal, a la abuela del mismo. La abogada de oficio,<\/p>\n","protected":false},"author":2,"featured_media":21216,"comment_status":"closed","ping_status":"open","sticky":false,"template":"","format":"standard","meta":{"_seopress_robots_primary_cat":"none","_seopress_titles_title":"","_seopress_titles_desc":"","_seopress_robots_index":"","_jetpack_memberships_contains_paid_content":false,"footnotes":""},"categories":[103],"tags":[1396,109,1392,1391,1397,167,1398],"class_list":["post-21213","post","type-post","status-publish","format-standard","has-post-thumbnail","hentry","category-nacional","tag-abuso-infantil","tag-bolivia","tag-los-lotes","tag-nino-con-sindrome-de-down","tag-policia","tag-santa-cruz","tag-violencia"],"jetpack_featured_media_url":"https:\/\/elradar.info\/wp-content\/uploads\/2022\/04\/maltrato-infantil-2.webp","jetpack_sharing_enabled":true,"amp_enabled":true,"_links":{"self":[{"href":"https:\/\/elradar.info\/index.php?rest_route=\/wp\/v2\/posts\/21213","targetHints":{"allow":["GET"]}}],"collection":[{"href":"https:\/\/elradar.info\/index.php?rest_route=\/wp\/v2\/posts"}],"about":[{"href":"https:\/\/elradar.info\/index.php?rest_route=\/wp\/v2\/types\/post"}],"author":[{"embeddable":true,"href":"https:\/\/elradar.info\/index.php?rest_route=\/wp\/v2\/users\/2"}],"replies":[{"embeddable":true,"href":"https:\/\/elradar.info\/index.php?rest_route=%2Fwp%2Fv2%2Fcomments&post=21213"}],"version-history":[{"count":1,"href":"https:\/\/elradar.info\/index.php?rest_route=\/wp\/v2\/posts\/21213\/revisions"}],"predecessor-version":[{"id":21217,"href":"https:\/\/elradar.info\/index.php?rest_route=\/wp\/v2\/posts\/21213\/revisions\/21217"}],"wp:featuredmedia":[{"embeddable":true,"href":"https:\/\/elradar.info\/index.php?rest_route=\/wp\/v2\/media\/21216"}],"wp:attachment":[{"href":"https:\/\/elradar.info\/index.php?rest_route=%2Fwp%2Fv2%2Fmedia&parent=21213"}],"wp:term":[{"taxonomy":"category","embeddable":true,"href":"https:\/\/elradar.info\/index.php?rest_route=%2Fwp%2Fv2%2Fcategories&post=21213"},{"taxonomy":"post_tag","embeddable":true,"href":"https:\/\/elradar.info\/index.php?rest_route=%2Fwp%2Fv2%2Ftags&post=21213"}],"curies":[{"name":"wp","href":"https:\/\/api.w.org\/{rel}","templated":true}]}}