{"id":21219,"date":"2022-04-22T11:47:58","date_gmt":"2022-04-22T15:47:58","guid":{"rendered":"http:\/\/elradar.info\/?p=21219"},"modified":"2024-02-01T12:19:49","modified_gmt":"2024-02-01T16:19:49","slug":"promulgacion-de-ley-para-proteger-y-difundir-las-lenguas-indigenas","status":"publish","type":"post","link":"https:\/\/elradar.info\/?p=21219","title":{"rendered":"Promulgaci\u00f3n de ley para proteger y difundir las lenguas ind\u00edgenas"},"content":{"rendered":"\n<h1 class=\"wp-block-heading\"><\/h1>\n\n\n\n<p>El presidente Luis Arce promulg\u00f3 ayer jueves la Ley 237\/2021-2022, de Declaratoria del Decenio de las Lenguas Ind\u00edgenas, para revalorizar, revitalizar, conservar y desarrollar las lenguas ind\u00edgenas originarias del Estado Plurinacional para el periodo 2022-2032.<\/p>\n\n\n\n<p>Este decenio tiene por objetivo llamar la atenci\u00f3n sobre la grave p\u00e9rdida de lenguas ind\u00edgenas y promover la conservaci\u00f3n de las mismas, garantizando a los Pueblos Ind\u00edgenas Originario Campesinos y Afrodescendientes el ejercicio de los derechos culturales y ling\u00fc\u00edsticos.<\/p>\n\n\n\n<p><em>\u201cLa norma busca preservar las lenguas ind\u00edgenas del pa\u00eds, que son 36 declaradas como idiomas oficiales en la Constituci\u00f3n, y junto a eso que se realicen acciones concretas para su conservaci\u00f3n y transmisi\u00f3n\u201d<\/em>, dijo el jefe de Estado.<\/p>\n\n\n\n<p>La Ley fue promulgada en un acto que se realiz\u00f3 en la Casa Grande del Pueblo y cont\u00f3 con la participaci\u00f3n del canciller Rogelio Mayta, la coordinadora residente del Sistema de las Naciones Unidas en Bolivia, Susana Sottoli, y autoridades ind\u00edgenas del pa\u00eds, entre otros.<\/p>\n\n\n\n<figure class=\"wp-block-gallery has-nested-images columns-default is-cropped wp-block-gallery-1 is-layout-flex wp-block-gallery-is-layout-flex\">\n<figure class=\"wp-block-image size-large\"><img loading=\"lazy\" decoding=\"async\" width=\"982\" height=\"750\" data-id=\"21222\" src=\"https:\/\/elradar.info\/wp-content\/uploads\/2022\/04\/279026160_518959056350357_5327133612193144171_n.jpg\" alt=\"\" class=\"wp-image-21222\" srcset=\"https:\/\/elradar.info\/wp-content\/uploads\/2022\/04\/279026160_518959056350357_5327133612193144171_n.jpg 982w, https:\/\/elradar.info\/wp-content\/uploads\/2022\/04\/279026160_518959056350357_5327133612193144171_n-300x229.jpg 300w, https:\/\/elradar.info\/wp-content\/uploads\/2022\/04\/279026160_518959056350357_5327133612193144171_n-768x587.jpg 768w, https:\/\/elradar.info\/wp-content\/uploads\/2022\/04\/279026160_518959056350357_5327133612193144171_n-360x275.jpg 360w\" sizes=\"auto, (max-width: 982px) 100vw, 982px\" \/><\/figure>\n\n\n\n<figure class=\"wp-block-image size-large\"><img loading=\"lazy\" decoding=\"async\" width=\"1024\" height=\"683\" data-id=\"21223\" src=\"https:\/\/elradar.info\/wp-content\/uploads\/2022\/04\/279067718_518958993017030_5175890865471196992_n-1024x683.jpg\" alt=\"\" class=\"wp-image-21223\" srcset=\"https:\/\/elradar.info\/wp-content\/uploads\/2022\/04\/279067718_518958993017030_5175890865471196992_n-1024x683.jpg 1024w, https:\/\/elradar.info\/wp-content\/uploads\/2022\/04\/279067718_518958993017030_5175890865471196992_n-300x200.jpg 300w, https:\/\/elradar.info\/wp-content\/uploads\/2022\/04\/279067718_518958993017030_5175890865471196992_n-768x512.jpg 768w, https:\/\/elradar.info\/wp-content\/uploads\/2022\/04\/279067718_518958993017030_5175890865471196992_n-360x240.jpg 360w, https:\/\/elradar.info\/wp-content\/uploads\/2022\/04\/279067718_518958993017030_5175890865471196992_n.jpg 1124w\" sizes=\"auto, (max-width: 1024px) 100vw, 1024px\" \/><\/figure>\n\n\n\n<figure class=\"wp-block-image size-large\"><img loading=\"lazy\" decoding=\"async\" width=\"1024\" height=\"683\" data-id=\"21224\" src=\"https:\/\/elradar.info\/wp-content\/uploads\/2022\/04\/278975677_518959066350356_7063816079526440218_n-1024x683.jpg\" alt=\"\" class=\"wp-image-21224\" srcset=\"https:\/\/elradar.info\/wp-content\/uploads\/2022\/04\/278975677_518959066350356_7063816079526440218_n-1024x683.jpg 1024w, https:\/\/elradar.info\/wp-content\/uploads\/2022\/04\/278975677_518959066350356_7063816079526440218_n-300x200.jpg 300w, https:\/\/elradar.info\/wp-content\/uploads\/2022\/04\/278975677_518959066350356_7063816079526440218_n-768x512.jpg 768w, https:\/\/elradar.info\/wp-content\/uploads\/2022\/04\/278975677_518959066350356_7063816079526440218_n-360x240.jpg 360w, https:\/\/elradar.info\/wp-content\/uploads\/2022\/04\/278975677_518959066350356_7063816079526440218_n.jpg 1280w\" sizes=\"auto, (max-width: 1024px) 100vw, 1024px\" \/><\/figure>\n<\/figure>\n","protected":false},"excerpt":{"rendered":"<p>El presidente Luis Arce promulg\u00f3 ayer jueves la Ley 237\/2021-2022, de Declaratoria del Decenio de las Lenguas Ind\u00edgenas, para revalorizar, revitalizar, conservar y desarrollar las lenguas ind\u00edgenas originarias del Estado Plurinacional para el periodo 2022-2032. Este decenio tiene por objetivo llamar la atenci\u00f3n sobre la grave p\u00e9rdida de lenguas ind\u00edgenas y promover la conservaci\u00f3n de las mismas, garantizando a los Pueblos Ind\u00edgenas Originario Campesinos y Afrodescendientes el ejercicio de los derechos culturales y ling\u00fc\u00edsticos. \u201cLa norma busca preservar las lenguas ind\u00edgenas del pa\u00eds, que son 36 declaradas como idiomas oficiales en la Constituci\u00f3n, y junto a eso que se realicen<\/p>\n","protected":false},"author":2,"featured_media":21225,"comment_status":"closed","ping_status":"open","sticky":false,"template":"","format":"standard","meta":{"_seopress_robots_primary_cat":"none","_seopress_titles_title":"","_seopress_titles_desc":"","_seopress_robots_index":"","_jetpack_memberships_contains_paid_content":false,"footnotes":""},"categories":[127,103],"tags":[109,1400,293,1399,132,1401,1402,1403],"class_list":["post-21219","post","type-post","status-publish","format-standard","has-post-thumbnail","hentry","category-cultura","category-nacional","tag-bolivia","tag-declaratoria-del-decenio-de-las-lenguas-indigenas","tag-la-paz","tag-ley-237-2021-2022","tag-luis-arce","tag-pueblos-indigenas-originario-campesinos-y-afrodescendientes","tag-rogelio-mayta","tag-susana-sottoli"],"jetpack_featured_media_url":"https:\/\/elradar.info\/wp-content\/uploads\/2022\/04\/279010303_518958973017032_3842281575970197926_n.jpg","jetpack_sharing_enabled":true,"amp_enabled":true,"_links":{"self":[{"href":"https:\/\/elradar.info\/index.php?rest_route=\/wp\/v2\/posts\/21219","targetHints":{"allow":["GET"]}}],"collection":[{"href":"https:\/\/elradar.info\/index.php?rest_route=\/wp\/v2\/posts"}],"about":[{"href":"https:\/\/elradar.info\/index.php?rest_route=\/wp\/v2\/types\/post"}],"author":[{"embeddable":true,"href":"https:\/\/elradar.info\/index.php?rest_route=\/wp\/v2\/users\/2"}],"replies":[{"embeddable":true,"href":"https:\/\/elradar.info\/index.php?rest_route=%2Fwp%2Fv2%2Fcomments&post=21219"}],"version-history":[{"count":2,"href":"https:\/\/elradar.info\/index.php?rest_route=\/wp\/v2\/posts\/21219\/revisions"}],"predecessor-version":[{"id":21228,"href":"https:\/\/elradar.info\/index.php?rest_route=\/wp\/v2\/posts\/21219\/revisions\/21228"}],"wp:featuredmedia":[{"embeddable":true,"href":"https:\/\/elradar.info\/index.php?rest_route=\/wp\/v2\/media\/21225"}],"wp:attachment":[{"href":"https:\/\/elradar.info\/index.php?rest_route=%2Fwp%2Fv2%2Fmedia&parent=21219"}],"wp:term":[{"taxonomy":"category","embeddable":true,"href":"https:\/\/elradar.info\/index.php?rest_route=%2Fwp%2Fv2%2Fcategories&post=21219"},{"taxonomy":"post_tag","embeddable":true,"href":"https:\/\/elradar.info\/index.php?rest_route=%2Fwp%2Fv2%2Ftags&post=21219"}],"curies":[{"name":"wp","href":"https:\/\/api.w.org\/{rel}","templated":true}]}}