{"id":21278,"date":"2022-04-23T11:38:49","date_gmt":"2022-04-23T15:38:49","guid":{"rendered":"http:\/\/elradar.info\/?p=21278"},"modified":"2024-02-01T12:19:48","modified_gmt":"2024-02-01T16:19:48","slug":"dia-del-idioma-espanol","status":"publish","type":"post","link":"https:\/\/elradar.info\/?p=21278","title":{"rendered":"<strong>D\u00eda del idioma espa\u00f1ol&nbsp;<\/strong>"},"content":{"rendered":"\n<p>Hoy, 23 de abril, se celebra el &#8220;D\u00eda del idioma espa\u00f1ol\u201d un d\u00eda designado por las Naciones Unidas para \u201cconcienciar al personal de la Organizaci\u00f3n, y al mundo en general, acerca de la historia, la cultura y el uso del espa\u00f1ol como idioma oficial\u201d.<\/p>\n\n\n\n<p>La ONU introdujo, en 2010, en su calendario de celebraciones los d\u00edas dedicados a las lenguas oficiales para promover la diversidad cultural y el multiling\u00fcismo. Es as\u00ed que se pens\u00f3 en el 12 de octubre para el D\u00eda del idioma espa\u00f1ol, el mismo que fue cambiado posteriormente en honor al fallecimiento de Miguel de Cervantes. Sin embargo, el hecho de que se conmemore el 23 de abril como el d\u00eda de la muerte de \u201cEl manco de Lepanto\u201d es parte de una mentira hist\u00f3rica generada porque ese d\u00eda figura&nbsp; en su partida de defunci\u00f3n, pues en ese entonces se escrib\u00eda la fecha del enterramiento, no de la muerte.<\/p>\n\n\n\n<p>Alrededor del D\u00eda del idioma espa\u00f1ol se llevan a cabo m\u00faltiples actividades a lo largo del planeta, y, en Bolivia, una de ellas ser\u00e1 el ingreso del poeta e investigador, Juan Javier del Granado y Rivero, como acad\u00e9mico numerario de la Academia Boliviana de la Lengua. Para la ocasi\u00f3n, Del Granado presentar\u00e1 el discurso sobre \u201cLa m\u00e9trica castellana a la luz de la fonolog\u00eda\u201d durante un acto en el C\u00edrculo de la Uni\u00f3n.<\/p>\n","protected":false},"excerpt":{"rendered":"<p>Hoy, 23 de abril, se celebra el &#8220;D\u00eda del idioma espa\u00f1ol\u201d un d\u00eda designado por las Naciones Unidas para \u201cconcienciar al personal de la Organizaci\u00f3n, y al mundo en general, acerca de la historia, la cultura y el uso del espa\u00f1ol como idioma oficial\u201d. La ONU introdujo, en 2010, en su calendario de celebraciones los d\u00edas dedicados a las lenguas oficiales para promover la diversidad cultural y el multiling\u00fcismo. Es as\u00ed que se pens\u00f3 en el 12 de octubre para el D\u00eda del idioma espa\u00f1ol, el mismo que fue cambiado posteriormente en honor al fallecimiento de Miguel de Cervantes. Sin<\/p>\n","protected":false},"author":2,"featured_media":21281,"comment_status":"closed","ping_status":"open","sticky":false,"template":"","format":"standard","meta":{"_seopress_robots_primary_cat":"none","_seopress_titles_title":"","_seopress_titles_desc":"","_seopress_robots_index":"","_jetpack_memberships_contains_paid_content":false,"footnotes":""},"categories":[107],"tags":[1382,1428,1424,1426,1427,1425,389],"class_list":["post-21278","post","type-post","status-publish","format-standard","has-post-thumbnail","hentry","category-internacional","tag-23-de-abril","tag-circulo-de-la-union","tag-dia-del-idioma-espanol","tag-juan-javier-del-granado-y-rivero","tag-la-metrica-castellana-a-la-luz-de-la-fonologia","tag-miguel-de-cervantes","tag-naciones-unidas"],"jetpack_featured_media_url":"https:\/\/elradar.info\/wp-content\/uploads\/2022\/04\/M3Y6W7SPIBCNZGCRBGCFYBWMME.webp","jetpack_sharing_enabled":true,"amp_enabled":true,"_links":{"self":[{"href":"https:\/\/elradar.info\/index.php?rest_route=\/wp\/v2\/posts\/21278","targetHints":{"allow":["GET"]}}],"collection":[{"href":"https:\/\/elradar.info\/index.php?rest_route=\/wp\/v2\/posts"}],"about":[{"href":"https:\/\/elradar.info\/index.php?rest_route=\/wp\/v2\/types\/post"}],"author":[{"embeddable":true,"href":"https:\/\/elradar.info\/index.php?rest_route=\/wp\/v2\/users\/2"}],"replies":[{"embeddable":true,"href":"https:\/\/elradar.info\/index.php?rest_route=%2Fwp%2Fv2%2Fcomments&post=21278"}],"version-history":[{"count":1,"href":"https:\/\/elradar.info\/index.php?rest_route=\/wp\/v2\/posts\/21278\/revisions"}],"predecessor-version":[{"id":21282,"href":"https:\/\/elradar.info\/index.php?rest_route=\/wp\/v2\/posts\/21278\/revisions\/21282"}],"wp:featuredmedia":[{"embeddable":true,"href":"https:\/\/elradar.info\/index.php?rest_route=\/wp\/v2\/media\/21281"}],"wp:attachment":[{"href":"https:\/\/elradar.info\/index.php?rest_route=%2Fwp%2Fv2%2Fmedia&parent=21278"}],"wp:term":[{"taxonomy":"category","embeddable":true,"href":"https:\/\/elradar.info\/index.php?rest_route=%2Fwp%2Fv2%2Fcategories&post=21278"},{"taxonomy":"post_tag","embeddable":true,"href":"https:\/\/elradar.info\/index.php?rest_route=%2Fwp%2Fv2%2Ftags&post=21278"}],"curies":[{"name":"wp","href":"https:\/\/api.w.org\/{rel}","templated":true}]}}