{"id":21284,"date":"2022-04-23T11:56:19","date_gmt":"2022-04-23T15:56:19","guid":{"rendered":"http:\/\/elradar.info\/?p=21284"},"modified":"2024-02-01T12:19:48","modified_gmt":"2024-02-01T16:19:48","slug":"la-boleta-censal-estara-lista-en-mayo","status":"publish","type":"post","link":"https:\/\/elradar.info\/?p=21284","title":{"rendered":"<strong>La boleta censal estar\u00e1 lista en mayo<\/strong>"},"content":{"rendered":"\n<p>El vocero presidencial, Jorge Richter, inform\u00f3 a los medios de comunicaci\u00f3n que la boleta censal 2022 estar\u00e1 lista en el mes de mayo:<\/p>\n\n\n\n<p>\u201c<em>Se est\u00e1 concluyendo en un porcentaje muy importante la boleta censal y se la dar\u00e1 a conocer al pa\u00eds en mayo, para eso no faltan muchos d\u00edas\u2026 Se la va a socializar con los bolivianos y las bolivianas<\/em>\u201d, inform\u00f3.<\/p>\n\n\n\n<p>La elaboraci\u00f3n formar\u00eda parte de la etapa del trabajo precensal, a cuya culminaci\u00f3n los resultados ser\u00e1n dados a conocer en todos los departamentos del pa\u00eds.&nbsp; Esta labor se realizar\u00e1 paralelamente a la Actualizaci\u00f3n Cartogr\u00e1fica Estad\u00edstica (ACE).<\/p>\n\n\n\n<p>Sobre las recientes dudas alimentadas por sectores de la oposici\u00f3n, Richter explic\u00f3 que la transparencia del proceso est\u00e1 asegurada, pues contar\u00e1 con el acompa\u00f1amiento de expertos de diferentes organizaciones internacionales: \u201c<em>Estos organismos ir\u00e1n asesorando y verificando las metodolog\u00edas, van sugiriendo tambi\u00e9n hojas de ruta a seguir de forma tal que quedemos todos absolutamente con un resultado que sea valedero<\/em>\u201d, acot\u00f3.<\/p>\n","protected":false},"excerpt":{"rendered":"<p>El vocero presidencial, Jorge Richter, inform\u00f3 a los medios de comunicaci\u00f3n que la boleta censal 2022 estar\u00e1 lista en el mes de mayo: \u201cSe est\u00e1 concluyendo en un porcentaje muy importante la boleta censal y se la dar\u00e1 a conocer al pa\u00eds en mayo, para eso no faltan muchos d\u00edas\u2026 Se la va a socializar con los bolivianos y las bolivianas\u201d, inform\u00f3. La elaboraci\u00f3n formar\u00eda parte de la etapa del trabajo precensal, a cuya culminaci\u00f3n los resultados ser\u00e1n dados a conocer en todos los departamentos del pa\u00eds.&nbsp; Esta labor se realizar\u00e1 paralelamente a la Actualizaci\u00f3n Cartogr\u00e1fica Estad\u00edstica (ACE). Sobre las<\/p>\n","protected":false},"author":2,"featured_media":21287,"comment_status":"closed","ping_status":"open","sticky":false,"template":"","format":"standard","meta":{"_seopress_robots_primary_cat":"none","_seopress_titles_title":"","_seopress_titles_desc":"","_seopress_robots_index":"","_jetpack_memberships_contains_paid_content":false,"footnotes":""},"categories":[103],"tags":[1433,1429,1432,109,723,1431],"class_list":["post-21284","post","type-post","status-publish","format-standard","has-post-thumbnail","hentry","category-nacional","tag-actualizacion-cartografica-estadistica","tag-boleta-censal","tag-boleta-censal-2022","tag-bolivia","tag-censo-nacional-de-poblacion-y-vivienda-2022","tag-jorge-richter"],"jetpack_featured_media_url":"https:\/\/elradar.info\/wp-content\/uploads\/2022\/04\/MAR7-2.png","jetpack_sharing_enabled":true,"amp_enabled":true,"_links":{"self":[{"href":"https:\/\/elradar.info\/index.php?rest_route=\/wp\/v2\/posts\/21284","targetHints":{"allow":["GET"]}}],"collection":[{"href":"https:\/\/elradar.info\/index.php?rest_route=\/wp\/v2\/posts"}],"about":[{"href":"https:\/\/elradar.info\/index.php?rest_route=\/wp\/v2\/types\/post"}],"author":[{"embeddable":true,"href":"https:\/\/elradar.info\/index.php?rest_route=\/wp\/v2\/users\/2"}],"replies":[{"embeddable":true,"href":"https:\/\/elradar.info\/index.php?rest_route=%2Fwp%2Fv2%2Fcomments&post=21284"}],"version-history":[{"count":1,"href":"https:\/\/elradar.info\/index.php?rest_route=\/wp\/v2\/posts\/21284\/revisions"}],"predecessor-version":[{"id":21288,"href":"https:\/\/elradar.info\/index.php?rest_route=\/wp\/v2\/posts\/21284\/revisions\/21288"}],"wp:featuredmedia":[{"embeddable":true,"href":"https:\/\/elradar.info\/index.php?rest_route=\/wp\/v2\/media\/21287"}],"wp:attachment":[{"href":"https:\/\/elradar.info\/index.php?rest_route=%2Fwp%2Fv2%2Fmedia&parent=21284"}],"wp:term":[{"taxonomy":"category","embeddable":true,"href":"https:\/\/elradar.info\/index.php?rest_route=%2Fwp%2Fv2%2Fcategories&post=21284"},{"taxonomy":"post_tag","embeddable":true,"href":"https:\/\/elradar.info\/index.php?rest_route=%2Fwp%2Fv2%2Ftags&post=21284"}],"curies":[{"name":"wp","href":"https:\/\/api.w.org\/{rel}","templated":true}]}}