{"id":21303,"date":"2022-04-25T10:50:53","date_gmt":"2022-04-25T14:50:53","guid":{"rendered":"http:\/\/elradar.info\/?p=21303"},"modified":"2024-02-01T12:19:47","modified_gmt":"2024-02-01T16:19:47","slug":"continua-el-descenso-de-casos-de-covid-19-en-el-pais","status":"publish","type":"post","link":"https:\/\/elradar.info\/?p=21303","title":{"rendered":"<strong>Contin\u00faa el descenso de casos de Covid-19 en el pa\u00eds<\/strong>"},"content":{"rendered":"\n<p>En esta nueva semana epidemiol\u00f3gica, contin\u00faan las cifras alentadoras en la lucha contra el Covid-19. Se registraron menos de 600 casos en el pa\u00eds, as\u00ed lo inform\u00f3 el ministro de salud, Jeyson Auza:<\/p>\n\n\n\n<p>&#8220;<em>En esta semana epidemiol\u00f3gica se tiene una reducci\u00f3n de 4% y cinco decesos a nivel nacional. A pesar de que la semana anterior hab\u00edamos experimentado la cantidad m\u00e1s baja de casos en toda la pandemia despu\u00e9s de una desescalada, hoy nuevamente volvemos a presentar una reducci\u00f3n, por tanto batimos nuevamente el r\u00e9cord<\/em>&#8220;, indic\u00f3 Auza.&nbsp;<\/p>\n\n\n\n<p>Sobre la vacunaci\u00f3n, en el \u00faltimo reporte emitido por el Ministerio de Salud y Deportes se informa que:<\/p>\n\n\n\n<p>\u201c(\u2026) <em>se aplic\u00f3 723.773 primeras dosis y 478.621 segundas dosis a ni\u00f1os de 5 a 11 a\u00f1os, mientras que 757.537 a adolescentes de 12 a 17 a\u00f1os en primeras dosis y 570.527 en la segunda<\/em>\u201d.<\/p>\n\n\n\n<p>El total de las vacunas gestionadas y adquiridas por el Gobierno nacional alcanza a 23.815.500 dosis.<\/p>\n\n\n\n<p>El ministro se\u00f1al\u00f3 que a\u00fan existe una cantidad suficiente de vacunas para la poblaci\u00f3n, y que un porcentaje de la poblaci\u00f3n a\u00fan no ha sido vacunada, por lo que descart\u00f3, por el momento, la adquisici\u00f3n de m\u00e1s lotes de inmunizantes.&nbsp;<\/p>\n","protected":false},"excerpt":{"rendered":"<p>En esta nueva semana epidemiol\u00f3gica, contin\u00faan las cifras alentadoras en la lucha contra el Covid-19. Se registraron menos de 600 casos en el pa\u00eds, as\u00ed lo inform\u00f3 el ministro de salud, Jeyson Auza: &#8220;En esta semana epidemiol\u00f3gica se tiene una reducci\u00f3n de 4% y cinco decesos a nivel nacional. A pesar de que la semana anterior hab\u00edamos experimentado la cantidad m\u00e1s baja de casos en toda la pandemia despu\u00e9s de una desescalada, hoy nuevamente volvemos a presentar una reducci\u00f3n, por tanto batimos nuevamente el r\u00e9cord&#8220;, indic\u00f3 Auza.&nbsp; Sobre la vacunaci\u00f3n, en el \u00faltimo reporte emitido por el Ministerio de Salud<\/p>\n","protected":false},"author":2,"featured_media":21306,"comment_status":"closed","ping_status":"open","sticky":false,"template":"","format":"standard","meta":{"_seopress_robots_primary_cat":"none","_seopress_titles_title":"","_seopress_titles_desc":"","_seopress_robots_index":"","_jetpack_memberships_contains_paid_content":false,"footnotes":""},"categories":[103,201],"tags":[109,474,1435,252,398,824],"class_list":["post-21303","post","type-post","status-publish","format-standard","has-post-thumbnail","hentry","category-nacional","category-salud","tag-bolivia","tag-covid-19","tag-descenso-de-casos","tag-jeyson-auza","tag-ministerio-de-salud-y-deportes","tag-vacunacion"],"jetpack_featured_media_url":"https:\/\/elradar.info\/wp-content\/uploads\/2022\/04\/278858139_364667992370155_2439922622245313775_n.jpg","jetpack_sharing_enabled":true,"amp_enabled":true,"_links":{"self":[{"href":"https:\/\/elradar.info\/index.php?rest_route=\/wp\/v2\/posts\/21303","targetHints":{"allow":["GET"]}}],"collection":[{"href":"https:\/\/elradar.info\/index.php?rest_route=\/wp\/v2\/posts"}],"about":[{"href":"https:\/\/elradar.info\/index.php?rest_route=\/wp\/v2\/types\/post"}],"author":[{"embeddable":true,"href":"https:\/\/elradar.info\/index.php?rest_route=\/wp\/v2\/users\/2"}],"replies":[{"embeddable":true,"href":"https:\/\/elradar.info\/index.php?rest_route=%2Fwp%2Fv2%2Fcomments&post=21303"}],"version-history":[{"count":1,"href":"https:\/\/elradar.info\/index.php?rest_route=\/wp\/v2\/posts\/21303\/revisions"}],"predecessor-version":[{"id":21307,"href":"https:\/\/elradar.info\/index.php?rest_route=\/wp\/v2\/posts\/21303\/revisions\/21307"}],"wp:featuredmedia":[{"embeddable":true,"href":"https:\/\/elradar.info\/index.php?rest_route=\/wp\/v2\/media\/21306"}],"wp:attachment":[{"href":"https:\/\/elradar.info\/index.php?rest_route=%2Fwp%2Fv2%2Fmedia&parent=21303"}],"wp:term":[{"taxonomy":"category","embeddable":true,"href":"https:\/\/elradar.info\/index.php?rest_route=%2Fwp%2Fv2%2Fcategories&post=21303"},{"taxonomy":"post_tag","embeddable":true,"href":"https:\/\/elradar.info\/index.php?rest_route=%2Fwp%2Fv2%2Ftags&post=21303"}],"curies":[{"name":"wp","href":"https:\/\/api.w.org\/{rel}","templated":true}]}}