{"id":21390,"date":"2022-04-26T11:39:49","date_gmt":"2022-04-26T15:39:49","guid":{"rendered":"http:\/\/elradar.info\/?p=21390"},"modified":"2024-02-01T12:19:46","modified_gmt":"2024-02-01T16:19:46","slug":"gobierno-destituye-a-gerente-general-de-la-cns-y-anuncia-reestructuracion","status":"publish","type":"post","link":"https:\/\/elradar.info\/?p=21390","title":{"rendered":"<strong>Gobierno destituye a gerente general de la CNS y anuncia reestructuraci\u00f3n<\/strong>"},"content":{"rendered":"\n<p>El ministro de Salud y Deportes, Jeyson Auza, inform\u00f3 este martes que se cambiar\u00e1 al gerente general de la Caja Nacional de Salud (CNS), se reestructurar\u00e1 la instituci\u00f3n y el respeto a las 6 horas laborales, ante la demanda de los trabajadores que asumi\u00f3 un paro de 72 horas para pedir la salida de la autoridad.<\/p>\n\n\n\n<p><em>\u201cAnunciamos al pueblo boliviano y a los sectores que ten\u00edan sus demandas que vamos a proceder con la destituci\u00f3n del Gerente General de la Caja Nacional de Salud y adem\u00e1s tenemos un compromiso de llevar adelante un proceso de reestructuraci\u00f3n porque el cambio de autoridad s\u00ed bien es un paso importante, no garantiza\u00a0 la transformaci\u00f3n de todas las dificultades encontradas en la seguridad social\u201d<\/em>, afirm\u00f3 la autoridad en conferencia de prensa.<\/p>\n\n\n\n<p>Dirigentes de la Caja Nacional de Salud y Trabajadores en Salud P\u00fablica mantuvieron por separado, movilizaciones, los primeros pidiendo la destituci\u00f3n de su gerente Herland Tejerina y los segundos el respeto a la jornada de 6 horas de trabajo y otras demandas sociales.&nbsp;&nbsp;<\/p>\n\n\n\n<p><em>\u201cEn cuanto a los trabajadores en salud p\u00fablica, en lo referido a la jornada laboral, al escalaf\u00f3n a la libre afiliaci\u00f3n, a la asignaci\u00f3n racional de \u00edtems tanto para profesionales como para trabajadores en Salud vamos a respetar lo establecido en el Decreto 28909 (Estatuto de los Trabajadores en Salud P\u00fablica), con esto hemos superado los obst\u00e1culos para continuar en las mesas de di\u00e1logo\u201d<\/em>, complement\u00f3 la autoridad.<\/p>\n","protected":false},"excerpt":{"rendered":"<p>El ministro de Salud y Deportes, Jeyson Auza, inform\u00f3 este martes que se cambiar\u00e1 al gerente general de la Caja Nacional de Salud (CNS), se reestructurar\u00e1 la instituci\u00f3n y el respeto a las 6 horas laborales, ante la demanda de los trabajadores que asumi\u00f3 un paro de 72 horas para pedir la salida de la autoridad. \u201cAnunciamos al pueblo boliviano y a los sectores que ten\u00edan sus demandas que vamos a proceder con la destituci\u00f3n del Gerente General de la Caja Nacional de Salud y adem\u00e1s tenemos un compromiso de llevar adelante un proceso de reestructuraci\u00f3n porque el cambio de<\/p>\n","protected":false},"author":2,"featured_media":21393,"comment_status":"closed","ping_status":"open","sticky":false,"template":"","format":"standard","meta":{"_seopress_robots_primary_cat":"none","_seopress_titles_title":"","_seopress_titles_desc":"","_seopress_robots_index":"","_jetpack_memberships_contains_paid_content":false,"footnotes":""},"categories":[103],"tags":[109,1475,252,1477,229],"class_list":["post-21390","post","type-post","status-publish","format-standard","has-post-thumbnail","hentry","category-nacional","tag-bolivia","tag-cns","tag-jeyson-auza","tag-reestructuracion","tag-salud"],"jetpack_featured_media_url":"https:\/\/elradar.info\/wp-content\/uploads\/2022\/04\/cns_26_04.png","jetpack_sharing_enabled":true,"amp_enabled":true,"_links":{"self":[{"href":"https:\/\/elradar.info\/index.php?rest_route=\/wp\/v2\/posts\/21390","targetHints":{"allow":["GET"]}}],"collection":[{"href":"https:\/\/elradar.info\/index.php?rest_route=\/wp\/v2\/posts"}],"about":[{"href":"https:\/\/elradar.info\/index.php?rest_route=\/wp\/v2\/types\/post"}],"author":[{"embeddable":true,"href":"https:\/\/elradar.info\/index.php?rest_route=\/wp\/v2\/users\/2"}],"replies":[{"embeddable":true,"href":"https:\/\/elradar.info\/index.php?rest_route=%2Fwp%2Fv2%2Fcomments&post=21390"}],"version-history":[{"count":1,"href":"https:\/\/elradar.info\/index.php?rest_route=\/wp\/v2\/posts\/21390\/revisions"}],"predecessor-version":[{"id":21394,"href":"https:\/\/elradar.info\/index.php?rest_route=\/wp\/v2\/posts\/21390\/revisions\/21394"}],"wp:featuredmedia":[{"embeddable":true,"href":"https:\/\/elradar.info\/index.php?rest_route=\/wp\/v2\/media\/21393"}],"wp:attachment":[{"href":"https:\/\/elradar.info\/index.php?rest_route=%2Fwp%2Fv2%2Fmedia&parent=21390"}],"wp:term":[{"taxonomy":"category","embeddable":true,"href":"https:\/\/elradar.info\/index.php?rest_route=%2Fwp%2Fv2%2Fcategories&post=21390"},{"taxonomy":"post_tag","embeddable":true,"href":"https:\/\/elradar.info\/index.php?rest_route=%2Fwp%2Fv2%2Ftags&post=21390"}],"curies":[{"name":"wp","href":"https:\/\/api.w.org\/{rel}","templated":true}]}}