{"id":21411,"date":"2022-04-26T13:51:38","date_gmt":"2022-04-26T17:51:38","guid":{"rendered":"http:\/\/elradar.info\/?p=21411"},"modified":"2024-02-01T12:19:46","modified_gmt":"2024-02-01T16:19:46","slug":"pese-a-las-disidencias-el-alcalde-de-santa-cruz-apoya-el-censo-2022","status":"publish","type":"post","link":"https:\/\/elradar.info\/?p=21411","title":{"rendered":"<strong>Pese a las disidencias, el alcalde de Santa Cruz apoya el Censo 2022<\/strong>"},"content":{"rendered":"\n<p>En medio del intento de algunos sectores por obstaculizar y politizar el desarrollo del Censo de Poblaci\u00f3n y Vivienda 2022, el alcalde de Santa Cruz de la Sierra, Jhonny Fern\u00e1ndez, dio a conocer su respaldo a la realizaci\u00f3n del mismo:<\/p>\n\n\n\n<p>\u201c<em>Somos los m\u00e1s interesados en que el censo sea lo m\u00e1s transparente posible y que, obviamente, beneficie a todos nosotros<\/em>\u201d, dijo a los medios de comunicaci\u00f3n.<\/p>\n\n\n\n<p>Asegur\u00f3 que los t\u00e9cnicos del Gobierno Aut\u00f3nomo Municipal de Santa Cruz mantienen reuniones con personal del Instituto Nacional de Estad\u00edstica (INE).<\/p>\n\n\n\n<p>La transparencia del censo est\u00e1 asegurada por dos mecanismos, el primero es la conformaci\u00f3n de un comit\u00e9 internacional de alto nivel que garantiza que se lleve adelante seg\u00fan los est\u00e1ndares mundiales de calidad y transparencia. El mismo est\u00e1 conformado por representantes del Instituto Nacional de Estad\u00edstica, la Organizaci\u00f3n de Naciones Unidas (ONU), la Comisi\u00f3n Econ\u00f3mica Para Am\u00e9rica Latina y el Caribe (CEPAL), la Divisi\u00f3n de Poblaci\u00f3n de la Comisi\u00f3n Econ\u00f3mica para Am\u00e9rica Latina y el Caribe (CELADE), el Programa de las Naciones Unidas para el Desarrollo (PNUD), el Banco Interamericano de Desarrollo (BID), FONPLATA y el Banco Mundial. El otro mecanismo mediante el cual se busca hacer m\u00e1s transparente el censo es la creaci\u00f3n de una p\u00e1gina web que difundir\u00e1 toda la informaci\u00f3n generada, la misma estar\u00e1 disponible para el p\u00fablico en general y estar\u00e1 alimentada por los datos que proporcione el INE en las etapas precensal y censal.&nbsp;<\/p>\n\n\n\n<p>El Gobierno Nacional asume este proceso con el lema \u201cel censo es de todos\u201d, pues es necesaria la participaci\u00f3n de todos los bolivianos para que el mismo sea exitoso.<\/p>\n","protected":false},"excerpt":{"rendered":"<p>En medio del intento de algunos sectores por obstaculizar y politizar el desarrollo del Censo de Poblaci\u00f3n y Vivienda 2022, el alcalde de Santa Cruz de la Sierra, Jhonny Fern\u00e1ndez, dio a conocer su respaldo a la realizaci\u00f3n del mismo: \u201cSomos los m\u00e1s interesados en que el censo sea lo m\u00e1s transparente posible y que, obviamente, beneficie a todos nosotros\u201d, dijo a los medios de comunicaci\u00f3n. Asegur\u00f3 que los t\u00e9cnicos del Gobierno Aut\u00f3nomo Municipal de Santa Cruz mantienen reuniones con personal del Instituto Nacional de Estad\u00edstica (INE). La transparencia del censo est\u00e1 asegurada por dos mecanismos, el primero es la<\/p>\n","protected":false},"author":2,"featured_media":21414,"comment_status":"closed","ping_status":"open","sticky":false,"template":"","format":"standard","meta":{"_seopress_robots_primary_cat":"none","_seopress_titles_title":"","_seopress_titles_desc":"","_seopress_robots_index":"","_jetpack_memberships_contains_paid_content":false,"footnotes":""},"categories":[103],"tags":[109,722,1481,1480,167],"class_list":["post-21411","post","type-post","status-publish","format-standard","has-post-thumbnail","hentry","category-nacional","tag-bolivia","tag-censo-2022","tag-censo-de-poblacion-y-vivienda-2022","tag-jhonny-fernandez","tag-santa-cruz"],"jetpack_featured_media_url":"https:\/\/elradar.info\/wp-content\/uploads\/2022\/04\/jhonny_fernandez.jpg","jetpack_sharing_enabled":true,"amp_enabled":true,"_links":{"self":[{"href":"https:\/\/elradar.info\/index.php?rest_route=\/wp\/v2\/posts\/21411","targetHints":{"allow":["GET"]}}],"collection":[{"href":"https:\/\/elradar.info\/index.php?rest_route=\/wp\/v2\/posts"}],"about":[{"href":"https:\/\/elradar.info\/index.php?rest_route=\/wp\/v2\/types\/post"}],"author":[{"embeddable":true,"href":"https:\/\/elradar.info\/index.php?rest_route=\/wp\/v2\/users\/2"}],"replies":[{"embeddable":true,"href":"https:\/\/elradar.info\/index.php?rest_route=%2Fwp%2Fv2%2Fcomments&post=21411"}],"version-history":[{"count":1,"href":"https:\/\/elradar.info\/index.php?rest_route=\/wp\/v2\/posts\/21411\/revisions"}],"predecessor-version":[{"id":21415,"href":"https:\/\/elradar.info\/index.php?rest_route=\/wp\/v2\/posts\/21411\/revisions\/21415"}],"wp:featuredmedia":[{"embeddable":true,"href":"https:\/\/elradar.info\/index.php?rest_route=\/wp\/v2\/media\/21414"}],"wp:attachment":[{"href":"https:\/\/elradar.info\/index.php?rest_route=%2Fwp%2Fv2%2Fmedia&parent=21411"}],"wp:term":[{"taxonomy":"category","embeddable":true,"href":"https:\/\/elradar.info\/index.php?rest_route=%2Fwp%2Fv2%2Fcategories&post=21411"},{"taxonomy":"post_tag","embeddable":true,"href":"https:\/\/elradar.info\/index.php?rest_route=%2Fwp%2Fv2%2Ftags&post=21411"}],"curies":[{"name":"wp","href":"https:\/\/api.w.org\/{rel}","templated":true}]}}