{"id":21537,"date":"2022-04-27T17:13:11","date_gmt":"2022-04-27T21:13:11","guid":{"rendered":"http:\/\/elradar.info\/?p=21537"},"modified":"2024-02-01T12:19:45","modified_gmt":"2024-02-01T16:19:45","slug":"sector-de-la-construccion-registro-crecimiento-de-18-en-el-2021","status":"publish","type":"post","link":"https:\/\/elradar.info\/?p=21537","title":{"rendered":"<strong>Sector de la construcci\u00f3n registr\u00f3 crecimiento de 18% en el 2021&nbsp;<\/strong>"},"content":{"rendered":"\n<p>El sector de la Construcci\u00f3n en Bolivia registr\u00f3 un 18% de crecimiento positivo en el 2021, despu\u00e9s de asumir su investidura, revirtiendo la ca\u00edda de 2020, cuando marc\u00f3 un \u00edndice negativo de 19%.<\/p>\n\n\n\n<p>En un acto por los 96 a\u00f1os de creaci\u00f3n de la Confederaci\u00f3n Sindical de Trabajadores en la Construcci\u00f3n, el presidente Luis Arce indic\u00f3 que \u201cel a\u00f1o 2020, el sector de la construcci\u00f3n ten\u00eda una tasa negativa de crecimiento, tras los efectos generados por el COVID-19 y la mala administraci\u00f3n del gobierno de facto. En 2021 alcanzaba ya un 18% de crecimiento positivo\u201d.<\/p>\n\n\n\n<p>Arce dijo que ese \u00edndice positivo se debe a las pol\u00edticas implementadas para reactivar la econom\u00eda, como el pago del Bono Contra el Hambre, la devoluci\u00f3n del Re-IVA (Impuesto al Valor Agregado) y el reimpulso a la inversi\u00f3n p\u00fablica.<\/p>\n\n\n\n<figure class=\"wp-block-gallery has-nested-images columns-default is-cropped wp-block-gallery-1 is-layout-flex wp-block-gallery-is-layout-flex\">\n<figure class=\"wp-block-image size-large\"><img loading=\"lazy\" decoding=\"async\" width=\"1024\" height=\"768\" data-id=\"21542\" src=\"https:\/\/elradar.info\/wp-content\/uploads\/2022\/04\/279348999_522090692703860_8258902524768308062_n-1024x768.jpg\" alt=\"\" class=\"wp-image-21542\" srcset=\"https:\/\/elradar.info\/wp-content\/uploads\/2022\/04\/279348999_522090692703860_8258902524768308062_n-1024x768.jpg 1024w, https:\/\/elradar.info\/wp-content\/uploads\/2022\/04\/279348999_522090692703860_8258902524768308062_n-300x225.jpg 300w, https:\/\/elradar.info\/wp-content\/uploads\/2022\/04\/279348999_522090692703860_8258902524768308062_n-768x576.jpg 768w, https:\/\/elradar.info\/wp-content\/uploads\/2022\/04\/279348999_522090692703860_8258902524768308062_n-360x270.jpg 360w, https:\/\/elradar.info\/wp-content\/uploads\/2022\/04\/279348999_522090692703860_8258902524768308062_n.jpg 1280w\" sizes=\"auto, (max-width: 1024px) 100vw, 1024px\" \/><\/figure>\n\n\n\n<figure class=\"wp-block-image size-large\"><img loading=\"lazy\" decoding=\"async\" width=\"1024\" height=\"683\" data-id=\"21544\" src=\"https:\/\/elradar.info\/wp-content\/uploads\/2022\/04\/279303435_522090249370571_9148069478599982253_n-1024x683.jpg\" alt=\"\" class=\"wp-image-21544\" srcset=\"https:\/\/elradar.info\/wp-content\/uploads\/2022\/04\/279303435_522090249370571_9148069478599982253_n-1024x683.jpg 1024w, https:\/\/elradar.info\/wp-content\/uploads\/2022\/04\/279303435_522090249370571_9148069478599982253_n-300x200.jpg 300w, https:\/\/elradar.info\/wp-content\/uploads\/2022\/04\/279303435_522090249370571_9148069478599982253_n-768x512.jpg 768w, https:\/\/elradar.info\/wp-content\/uploads\/2022\/04\/279303435_522090249370571_9148069478599982253_n-1536x1024.jpg 1536w, https:\/\/elradar.info\/wp-content\/uploads\/2022\/04\/279303435_522090249370571_9148069478599982253_n-360x240.jpg 360w, https:\/\/elradar.info\/wp-content\/uploads\/2022\/04\/279303435_522090249370571_9148069478599982253_n.jpg 1600w\" sizes=\"auto, (max-width: 1024px) 100vw, 1024px\" \/><\/figure>\n\n\n\n<figure class=\"wp-block-image size-large\"><img loading=\"lazy\" decoding=\"async\" width=\"1024\" height=\"683\" data-id=\"21543\" src=\"https:\/\/elradar.info\/wp-content\/uploads\/2022\/04\/279152784_522090122703917_2940436361742423991_n-1024x683.jpg\" alt=\"\" class=\"wp-image-21543\" srcset=\"https:\/\/elradar.info\/wp-content\/uploads\/2022\/04\/279152784_522090122703917_2940436361742423991_n-1024x683.jpg 1024w, https:\/\/elradar.info\/wp-content\/uploads\/2022\/04\/279152784_522090122703917_2940436361742423991_n-300x200.jpg 300w, https:\/\/elradar.info\/wp-content\/uploads\/2022\/04\/279152784_522090122703917_2940436361742423991_n-768x512.jpg 768w, https:\/\/elradar.info\/wp-content\/uploads\/2022\/04\/279152784_522090122703917_2940436361742423991_n-1536x1024.jpg 1536w, https:\/\/elradar.info\/wp-content\/uploads\/2022\/04\/279152784_522090122703917_2940436361742423991_n-360x240.jpg 360w, https:\/\/elradar.info\/wp-content\/uploads\/2022\/04\/279152784_522090122703917_2940436361742423991_n.jpg 1600w\" sizes=\"auto, (max-width: 1024px) 100vw, 1024px\" \/><\/figure>\n<\/figure>\n","protected":false},"excerpt":{"rendered":"<p>El sector de la Construcci\u00f3n en Bolivia registr\u00f3 un 18% de crecimiento positivo en el 2021, despu\u00e9s de asumir su investidura, revirtiendo la ca\u00edda de 2020, cuando marc\u00f3 un \u00edndice negativo de 19%. En un acto por los 96 a\u00f1os de creaci\u00f3n de la Confederaci\u00f3n Sindical de Trabajadores en la Construcci\u00f3n, el presidente Luis Arce indic\u00f3 que \u201cel a\u00f1o 2020, el sector de la construcci\u00f3n ten\u00eda una tasa negativa de crecimiento, tras los efectos generados por el COVID-19 y la mala administraci\u00f3n del gobierno de facto. En 2021 alcanzaba ya un 18% de crecimiento positivo\u201d. Arce dijo que ese \u00edndice<\/p>\n","protected":false},"author":2,"featured_media":21540,"comment_status":"closed","ping_status":"open","sticky":false,"template":"","format":"standard","meta":{"_seopress_robots_primary_cat":"none","_seopress_titles_title":"","_seopress_titles_desc":"","_seopress_robots_index":"","_jetpack_memberships_contains_paid_content":false,"footnotes":""},"categories":[103],"tags":[1546,109,962,132,1545],"class_list":["post-21537","post","type-post","status-publish","format-standard","has-post-thumbnail","hentry","category-nacional","tag-96-anos-de-creacion-de-la-confederacion-sindical-de-trabajadores-en-la-construccion","tag-bolivia","tag-crecimiento","tag-luis-arce","tag-sector-de-la-construccion"],"jetpack_featured_media_url":"https:\/\/elradar.info\/wp-content\/uploads\/2022\/04\/279300600_522090019370594_3995766055085704234_n.jpg","jetpack_sharing_enabled":true,"amp_enabled":true,"_links":{"self":[{"href":"https:\/\/elradar.info\/index.php?rest_route=\/wp\/v2\/posts\/21537","targetHints":{"allow":["GET"]}}],"collection":[{"href":"https:\/\/elradar.info\/index.php?rest_route=\/wp\/v2\/posts"}],"about":[{"href":"https:\/\/elradar.info\/index.php?rest_route=\/wp\/v2\/types\/post"}],"author":[{"embeddable":true,"href":"https:\/\/elradar.info\/index.php?rest_route=\/wp\/v2\/users\/2"}],"replies":[{"embeddable":true,"href":"https:\/\/elradar.info\/index.php?rest_route=%2Fwp%2Fv2%2Fcomments&post=21537"}],"version-history":[{"count":1,"href":"https:\/\/elradar.info\/index.php?rest_route=\/wp\/v2\/posts\/21537\/revisions"}],"predecessor-version":[{"id":21545,"href":"https:\/\/elradar.info\/index.php?rest_route=\/wp\/v2\/posts\/21537\/revisions\/21545"}],"wp:featuredmedia":[{"embeddable":true,"href":"https:\/\/elradar.info\/index.php?rest_route=\/wp\/v2\/media\/21540"}],"wp:attachment":[{"href":"https:\/\/elradar.info\/index.php?rest_route=%2Fwp%2Fv2%2Fmedia&parent=21537"}],"wp:term":[{"taxonomy":"category","embeddable":true,"href":"https:\/\/elradar.info\/index.php?rest_route=%2Fwp%2Fv2%2Fcategories&post=21537"},{"taxonomy":"post_tag","embeddable":true,"href":"https:\/\/elradar.info\/index.php?rest_route=%2Fwp%2Fv2%2Ftags&post=21537"}],"curies":[{"name":"wp","href":"https:\/\/api.w.org\/{rel}","templated":true}]}}