{"id":21553,"date":"2022-04-27T18:08:47","date_gmt":"2022-04-27T22:08:47","guid":{"rendered":"http:\/\/elradar.info\/?p=21553"},"modified":"2024-02-01T12:19:45","modified_gmt":"2024-02-01T16:19:45","slug":"camacho-evade-interpelacion-de-la-asamblea-legislativa-sobre-el-decreto-373","status":"publish","type":"post","link":"https:\/\/elradar.info\/?p=21553","title":{"rendered":"Camacho evade interpelaci\u00f3n de la Asamblea Legislativa sobre el Decreto 373"},"content":{"rendered":"\n<p>A trav\u00e9s de una carta que envi\u00f3 la Gobernaci\u00f3n de Santa Cruz al presidente de la C\u00e1mara de Diputados, Freddy Mamani Laura, se excusa al gobernador cruce\u00f1o Luis Fernando Camacho de asistir a la ciudad de La Paz para la interpelaci\u00f3n de la Asamblea Legislativa Plurinacional sobre el Decreto 373, inform\u00f3 el secretario departamental de Justicia, Efra\u00edn Su\u00e1rez.<\/p>\n\n\n\n<p>Su\u00e1rez indic\u00f3 que si la Asamblea determina citar a Camacho en una nueva fecha, primero se revisar\u00e1 la agenda del gobernador antes de confirmar su presencia, puesto que su prioridad es desempe\u00f1ar sus funciones como primera autoridad. Sin embargo, hasta la fecha Camacho evade la interpelaci\u00f3n.<\/p>\n\n\n\n<p>Por su parte, el gobernador de Potos\u00ed, Jhonny Mamani, hoy present\u00f3 su informe oral sobre las 44 ambulancias a diputados de ese departamento, siendo notificado con apenas 24 horas de anticipaci\u00f3n.<\/p>\n","protected":false},"excerpt":{"rendered":"<p>A trav\u00e9s de una carta que envi\u00f3 la Gobernaci\u00f3n de Santa Cruz al presidente de la C\u00e1mara de Diputados, Freddy Mamani Laura, se excusa al gobernador cruce\u00f1o Luis Fernando Camacho de asistir a la ciudad de La Paz para la interpelaci\u00f3n de la Asamblea Legislativa Plurinacional sobre el Decreto 373, inform\u00f3 el secretario departamental de Justicia, Efra\u00edn Su\u00e1rez. Su\u00e1rez indic\u00f3 que si la Asamblea determina citar a Camacho en una nueva fecha, primero se revisar\u00e1 la agenda del gobernador antes de confirmar su presencia, puesto que su prioridad es desempe\u00f1ar sus funciones como primera autoridad. Sin embargo, hasta la fecha<\/p>\n","protected":false},"author":2,"featured_media":21557,"comment_status":"closed","ping_status":"open","sticky":false,"template":"","format":"standard","meta":{"_seopress_robots_primary_cat":"none","_seopress_titles_title":"","_seopress_titles_desc":"","_seopress_robots_index":"","_jetpack_memberships_contains_paid_content":false,"footnotes":""},"categories":[103],"tags":[888,235],"class_list":["post-21553","post","type-post","status-publish","format-standard","has-post-thumbnail","hentry","category-nacional","tag-jhonny-mamani","tag-luis-fernando-camacho"],"jetpack_featured_media_url":"https:\/\/elradar.info\/wp-content\/uploads\/2022\/04\/2-1.png","jetpack_sharing_enabled":true,"amp_enabled":true,"_links":{"self":[{"href":"https:\/\/elradar.info\/index.php?rest_route=\/wp\/v2\/posts\/21553","targetHints":{"allow":["GET"]}}],"collection":[{"href":"https:\/\/elradar.info\/index.php?rest_route=\/wp\/v2\/posts"}],"about":[{"href":"https:\/\/elradar.info\/index.php?rest_route=\/wp\/v2\/types\/post"}],"author":[{"embeddable":true,"href":"https:\/\/elradar.info\/index.php?rest_route=\/wp\/v2\/users\/2"}],"replies":[{"embeddable":true,"href":"https:\/\/elradar.info\/index.php?rest_route=%2Fwp%2Fv2%2Fcomments&post=21553"}],"version-history":[{"count":1,"href":"https:\/\/elradar.info\/index.php?rest_route=\/wp\/v2\/posts\/21553\/revisions"}],"predecessor-version":[{"id":21558,"href":"https:\/\/elradar.info\/index.php?rest_route=\/wp\/v2\/posts\/21553\/revisions\/21558"}],"wp:featuredmedia":[{"embeddable":true,"href":"https:\/\/elradar.info\/index.php?rest_route=\/wp\/v2\/media\/21557"}],"wp:attachment":[{"href":"https:\/\/elradar.info\/index.php?rest_route=%2Fwp%2Fv2%2Fmedia&parent=21553"}],"wp:term":[{"taxonomy":"category","embeddable":true,"href":"https:\/\/elradar.info\/index.php?rest_route=%2Fwp%2Fv2%2Fcategories&post=21553"},{"taxonomy":"post_tag","embeddable":true,"href":"https:\/\/elradar.info\/index.php?rest_route=%2Fwp%2Fv2%2Ftags&post=21553"}],"curies":[{"name":"wp","href":"https:\/\/api.w.org\/{rel}","templated":true}]}}