{"id":21559,"date":"2022-04-28T10:01:00","date_gmt":"2022-04-28T14:01:00","guid":{"rendered":"http:\/\/elradar.info\/?p=21559"},"modified":"2024-02-01T12:19:45","modified_gmt":"2024-02-01T16:19:45","slug":"gobierno-y-cob-acuerdan-un-incremento-salarial-de-3-para-el-haber-basico-y-4-al-minimo-nacional","status":"publish","type":"post","link":"https:\/\/elradar.info\/?p=21559","title":{"rendered":"<strong>Gobierno y COB acuerdan un incremento salarial de 3% para el haber b\u00e1sico y 4% al m\u00ednimo nacional&nbsp;<\/strong>"},"content":{"rendered":"\n<p>Despu\u00e9s de intensas negociaciones, Gobiernos nacional y la Central Obrera Boliviana (COB) establecieron la noche de ayer mi\u00e9rcoles un incremento salarial de 3% para el haber b\u00e1sico y 4% al m\u00ednimo nacional, para mantener la estabilidad econ\u00f3mica.<\/p>\n\n\n\n<p>Esa decisi\u00f3n fue asumida en una reuni\u00f3n que se extendi\u00f3 por cuatro horas entre el presidente Luis Arce, ministros de Estado y los principales representantes de la COB, a la cabeza de Juan Carlos Huarachi.<\/p>\n\n\n\n<p>El presidente Arce en conferencia de prensa se\u00f1al\u00f3 que considera el acuerdo como \u201cpositivo\u201d y destac\u00f3 la \u201cmadurez mostrada para entender la situaci\u00f3n\u201d. Asimismo, ratific\u00f3 su compromiso de seguir trabajando por el bienestar de los bolivianos.<\/p>\n\n\n\n<p>Por su parte, el secretario ejecutivo de la COB, Juan Carlos Huarachi, salud\u00f3 la disposici\u00f3n y compromiso. <em>\u201cEstamos ratificando una vez m\u00e1s un compromiso de que los trabajadores vamos a garantizar la estabilidad pol\u00edtica de nuestro Gobierno\u201d<\/em>, indic\u00f3.<\/p>\n\n\n\n<figure class=\"wp-block-gallery has-nested-images columns-default is-cropped wp-block-gallery-1 is-layout-flex wp-block-gallery-is-layout-flex\">\n<figure class=\"wp-block-image size-large\"><img loading=\"lazy\" decoding=\"async\" width=\"683\" height=\"1024\" data-id=\"21564\" src=\"https:\/\/elradar.info\/wp-content\/uploads\/2022\/04\/279367680_522739512638978_2203076471630361130_n-683x1024.jpg\" alt=\"\" class=\"wp-image-21564\" srcset=\"https:\/\/elradar.info\/wp-content\/uploads\/2022\/04\/279367680_522739512638978_2203076471630361130_n-683x1024.jpg 683w, https:\/\/elradar.info\/wp-content\/uploads\/2022\/04\/279367680_522739512638978_2203076471630361130_n-200x300.jpg 200w, https:\/\/elradar.info\/wp-content\/uploads\/2022\/04\/279367680_522739512638978_2203076471630361130_n-768x1152.jpg 768w, https:\/\/elradar.info\/wp-content\/uploads\/2022\/04\/279367680_522739512638978_2203076471630361130_n-1024x1536.jpg 1024w, https:\/\/elradar.info\/wp-content\/uploads\/2022\/04\/279367680_522739512638978_2203076471630361130_n-360x540.jpg 360w, https:\/\/elradar.info\/wp-content\/uploads\/2022\/04\/279367680_522739512638978_2203076471630361130_n.jpg 1067w\" sizes=\"auto, (max-width: 683px) 100vw, 683px\" \/><\/figure>\n\n\n\n<figure class=\"wp-block-image size-large\"><img loading=\"lazy\" decoding=\"async\" width=\"1024\" height=\"683\" data-id=\"21563\" src=\"https:\/\/elradar.info\/wp-content\/uploads\/2022\/04\/279424646_522739592638970_3726479360906497627_n-1024x683.jpg\" alt=\"\" class=\"wp-image-21563\" srcset=\"https:\/\/elradar.info\/wp-content\/uploads\/2022\/04\/279424646_522739592638970_3726479360906497627_n-1024x683.jpg 1024w, https:\/\/elradar.info\/wp-content\/uploads\/2022\/04\/279424646_522739592638970_3726479360906497627_n-300x200.jpg 300w, https:\/\/elradar.info\/wp-content\/uploads\/2022\/04\/279424646_522739592638970_3726479360906497627_n-768x512.jpg 768w, https:\/\/elradar.info\/wp-content\/uploads\/2022\/04\/279424646_522739592638970_3726479360906497627_n-1536x1024.jpg 1536w, https:\/\/elradar.info\/wp-content\/uploads\/2022\/04\/279424646_522739592638970_3726479360906497627_n-360x240.jpg 360w, https:\/\/elradar.info\/wp-content\/uploads\/2022\/04\/279424646_522739592638970_3726479360906497627_n.jpg 1600w\" sizes=\"auto, (max-width: 1024px) 100vw, 1024px\" \/><\/figure>\n\n\n\n<figure class=\"wp-block-image size-large\"><img loading=\"lazy\" decoding=\"async\" width=\"1024\" height=\"683\" data-id=\"21565\" src=\"https:\/\/elradar.info\/wp-content\/uploads\/2022\/04\/279440116_522739502638979_5237640951882431550_n-1024x683.jpg\" alt=\"\" class=\"wp-image-21565\" srcset=\"https:\/\/elradar.info\/wp-content\/uploads\/2022\/04\/279440116_522739502638979_5237640951882431550_n-1024x683.jpg 1024w, https:\/\/elradar.info\/wp-content\/uploads\/2022\/04\/279440116_522739502638979_5237640951882431550_n-300x200.jpg 300w, https:\/\/elradar.info\/wp-content\/uploads\/2022\/04\/279440116_522739502638979_5237640951882431550_n-768x512.jpg 768w, https:\/\/elradar.info\/wp-content\/uploads\/2022\/04\/279440116_522739502638979_5237640951882431550_n-1536x1024.jpg 1536w, https:\/\/elradar.info\/wp-content\/uploads\/2022\/04\/279440116_522739502638979_5237640951882431550_n-360x240.jpg 360w, https:\/\/elradar.info\/wp-content\/uploads\/2022\/04\/279440116_522739502638979_5237640951882431550_n.jpg 1600w\" sizes=\"auto, (max-width: 1024px) 100vw, 1024px\" \/><\/figure>\n<\/figure>\n","protected":false},"excerpt":{"rendered":"<p>Despu\u00e9s de intensas negociaciones, Gobiernos nacional y la Central Obrera Boliviana (COB) establecieron la noche de ayer mi\u00e9rcoles un incremento salarial de 3% para el haber b\u00e1sico y 4% al m\u00ednimo nacional, para mantener la estabilidad econ\u00f3mica. Esa decisi\u00f3n fue asumida en una reuni\u00f3n que se extendi\u00f3 por cuatro horas entre el presidente Luis Arce, ministros de Estado y los principales representantes de la COB, a la cabeza de Juan Carlos Huarachi. El presidente Arce en conferencia de prensa se\u00f1al\u00f3 que considera el acuerdo como \u201cpositivo\u201d y destac\u00f3 la \u201cmadurez mostrada para entender la situaci\u00f3n\u201d. Asimismo, ratific\u00f3 su compromiso de<\/p>\n","protected":false},"author":2,"featured_media":21562,"comment_status":"closed","ping_status":"open","sticky":false,"template":"","format":"standard","meta":{"_seopress_robots_primary_cat":"none","_seopress_titles_title":"","_seopress_titles_desc":"","_seopress_robots_index":"","_jetpack_memberships_contains_paid_content":false,"footnotes":""},"categories":[200,103],"tags":[109,1553,1550,1552,1551,1554,293],"class_list":["post-21559","post","type-post","status-publish","format-standard","has-post-thumbnail","hentry","category-economia","category-nacional","tag-bolivia","tag-central-obrera-boliviana","tag-cob","tag-gobiernos-nacional","tag-incremento-salarial","tag-juan-carlos-huarachi","tag-la-paz"],"jetpack_featured_media_url":"https:\/\/elradar.info\/wp-content\/uploads\/2022\/04\/279419773_522741199305476_4511732093806377130_n.jpg","jetpack_sharing_enabled":true,"amp_enabled":true,"_links":{"self":[{"href":"https:\/\/elradar.info\/index.php?rest_route=\/wp\/v2\/posts\/21559","targetHints":{"allow":["GET"]}}],"collection":[{"href":"https:\/\/elradar.info\/index.php?rest_route=\/wp\/v2\/posts"}],"about":[{"href":"https:\/\/elradar.info\/index.php?rest_route=\/wp\/v2\/types\/post"}],"author":[{"embeddable":true,"href":"https:\/\/elradar.info\/index.php?rest_route=\/wp\/v2\/users\/2"}],"replies":[{"embeddable":true,"href":"https:\/\/elradar.info\/index.php?rest_route=%2Fwp%2Fv2%2Fcomments&post=21559"}],"version-history":[{"count":1,"href":"https:\/\/elradar.info\/index.php?rest_route=\/wp\/v2\/posts\/21559\/revisions"}],"predecessor-version":[{"id":21566,"href":"https:\/\/elradar.info\/index.php?rest_route=\/wp\/v2\/posts\/21559\/revisions\/21566"}],"wp:featuredmedia":[{"embeddable":true,"href":"https:\/\/elradar.info\/index.php?rest_route=\/wp\/v2\/media\/21562"}],"wp:attachment":[{"href":"https:\/\/elradar.info\/index.php?rest_route=%2Fwp%2Fv2%2Fmedia&parent=21559"}],"wp:term":[{"taxonomy":"category","embeddable":true,"href":"https:\/\/elradar.info\/index.php?rest_route=%2Fwp%2Fv2%2Fcategories&post=21559"},{"taxonomy":"post_tag","embeddable":true,"href":"https:\/\/elradar.info\/index.php?rest_route=%2Fwp%2Fv2%2Ftags&post=21559"}],"curies":[{"name":"wp","href":"https:\/\/api.w.org\/{rel}","templated":true}]}}