{"id":21567,"date":"2022-04-28T10:42:38","date_gmt":"2022-04-28T14:42:38","guid":{"rendered":"http:\/\/elradar.info\/?p=21567"},"modified":"2024-02-01T12:19:44","modified_gmt":"2024-02-01T16:19:44","slug":"alcalde-ivan-arias-elude-responsabilidad-legal-sobre-el-mantenimiento-de-la-unidad-educativa-de-chasquipampa","status":"publish","type":"post","link":"https:\/\/elradar.info\/?p=21567","title":{"rendered":"<strong>Alcalde Iv\u00e1n Arias elude responsabilidad legal sobre el mantenimiento de la unidad educativa de Chasquipampa&nbsp;<\/strong>"},"content":{"rendered":"\n<p>Padres de familia de diferentes unidades educativas de La Paz bloquearon varios puntos de la ciudad exigiendo a la Alcald\u00eda el mantenimiento de la infraestructura escolar, dotaci\u00f3n de insumos de bioseguridad e incluso un desayuno escolar \u201csaludable\u201d.<\/p>\n\n\n\n<p><em>&#8220;Se muestra como magn\u00e1nimo ante los padres d<\/em>e familia, que exigen mejoras a la infraestructura con movilizaciones&#8221;, se\u00f1al\u00f3 un padre de familia.<\/p>\n\n\n\n<p>Por su parte, el alcalde Iv\u00e1n Arias calific\u00f3 de<em> \u201cdirigentes intransigentes y que hacen pol\u00edtica\u201d a los movilizados y dijo que \u201cno comunican a sus bases y dicen que no es suficiente el presupuesto y, por supuesto, que no lo es, las escuelas fueron olvidadas\u201d<\/em>, cuestion\u00f3 la autoridad edil en su cuenta oficial de Twitter.<\/p>\n\n\n\n<p>El arquitecto Te\u00f3filo Pomacusi, encargado por la Unidad de Proyectos Especiales de la Presidencia (UPRE), de la obra de construcci\u00f3n de la unidad educativa Chasquipampa, lament\u00f3 que el alcalde Arias pretenda eludir su responsabilidad como entidad beneficiaria, con declaraciones que no tienen fundamento y que est\u00e1n fuera de la realidad.<\/p>\n\n\n\n<div class=\"wp-block-image\"><figure class=\"aligncenter size-full\"><img loading=\"lazy\" decoding=\"async\" width=\"717\" height=\"540\" src=\"https:\/\/elradar.info\/wp-content\/uploads\/2022\/04\/1522088512.png\" alt=\"\" class=\"wp-image-21570\" srcset=\"https:\/\/elradar.info\/wp-content\/uploads\/2022\/04\/1522088512.png 717w, https:\/\/elradar.info\/wp-content\/uploads\/2022\/04\/1522088512-300x226.png 300w, https:\/\/elradar.info\/wp-content\/uploads\/2022\/04\/1522088512-360x271.png 360w\" sizes=\"auto, (max-width: 717px) 100vw, 717px\" \/><\/figure><\/div>\n","protected":false},"excerpt":{"rendered":"<p>Padres de familia de diferentes unidades educativas de La Paz bloquearon varios puntos de la ciudad exigiendo a la Alcald\u00eda el mantenimiento de la infraestructura escolar, dotaci\u00f3n de insumos de bioseguridad e incluso un desayuno escolar \u201csaludable\u201d. &#8220;Se muestra como magn\u00e1nimo ante los padres de familia, que exigen mejoras a la infraestructura con movilizaciones&#8221;, se\u00f1al\u00f3 un padre de familia. Por su parte, el alcalde Iv\u00e1n Arias calific\u00f3 de \u201cdirigentes intransigentes y que hacen pol\u00edtica\u201d a los movilizados y dijo que \u201cno comunican a sus bases y dicen que no es suficiente el presupuesto y, por supuesto, que no lo es,<\/p>\n","protected":false},"author":2,"featured_media":21571,"comment_status":"closed","ping_status":"open","sticky":false,"template":"","format":"standard","meta":{"_seopress_robots_primary_cat":"none","_seopress_titles_title":"","_seopress_titles_desc":"","_seopress_robots_index":"","_jetpack_memberships_contains_paid_content":false,"footnotes":""},"categories":[103],"tags":[109,300,293,1548,1556,1557,1555],"class_list":["post-21567","post","type-post","status-publish","format-standard","has-post-thumbnail","hentry","category-nacional","tag-bolivia","tag-ivan-arias","tag-la-paz","tag-padres-de-familia","tag-teofilo-pomacusi","tag-unidad-de-proyectos-especiales-de-la-presidencia","tag-unidad-educativa-de-chasquipampa"],"jetpack_featured_media_url":"https:\/\/elradar.info\/wp-content\/uploads\/2022\/04\/Ivan-Arias-1.jpg","jetpack_sharing_enabled":true,"amp_enabled":true,"_links":{"self":[{"href":"https:\/\/elradar.info\/index.php?rest_route=\/wp\/v2\/posts\/21567","targetHints":{"allow":["GET"]}}],"collection":[{"href":"https:\/\/elradar.info\/index.php?rest_route=\/wp\/v2\/posts"}],"about":[{"href":"https:\/\/elradar.info\/index.php?rest_route=\/wp\/v2\/types\/post"}],"author":[{"embeddable":true,"href":"https:\/\/elradar.info\/index.php?rest_route=\/wp\/v2\/users\/2"}],"replies":[{"embeddable":true,"href":"https:\/\/elradar.info\/index.php?rest_route=%2Fwp%2Fv2%2Fcomments&post=21567"}],"version-history":[{"count":1,"href":"https:\/\/elradar.info\/index.php?rest_route=\/wp\/v2\/posts\/21567\/revisions"}],"predecessor-version":[{"id":21572,"href":"https:\/\/elradar.info\/index.php?rest_route=\/wp\/v2\/posts\/21567\/revisions\/21572"}],"wp:featuredmedia":[{"embeddable":true,"href":"https:\/\/elradar.info\/index.php?rest_route=\/wp\/v2\/media\/21571"}],"wp:attachment":[{"href":"https:\/\/elradar.info\/index.php?rest_route=%2Fwp%2Fv2%2Fmedia&parent=21567"}],"wp:term":[{"taxonomy":"category","embeddable":true,"href":"https:\/\/elradar.info\/index.php?rest_route=%2Fwp%2Fv2%2Fcategories&post=21567"},{"taxonomy":"post_tag","embeddable":true,"href":"https:\/\/elradar.info\/index.php?rest_route=%2Fwp%2Fv2%2Ftags&post=21567"}],"curies":[{"name":"wp","href":"https:\/\/api.w.org\/{rel}","templated":true}]}}