{"id":21597,"date":"2022-04-28T14:49:57","date_gmt":"2022-04-28T18:49:57","guid":{"rendered":"http:\/\/elradar.info\/?p=21597"},"modified":"2024-02-01T12:19:44","modified_gmt":"2024-02-01T16:19:44","slug":"romulo-calvo-ante-una-nueva-imputacion-por-racismo-y-discriminacion","status":"publish","type":"post","link":"https:\/\/elradar.info\/?p=21597","title":{"rendered":"<strong>R\u00f3mulo Calvo ante una nueva imputaci\u00f3n por racismo y discriminaci\u00f3n<\/strong>"},"content":{"rendered":"\n<p>En octubre de 2021, durante los proleg\u00f3menos de lo que ser\u00eda el \u201cwhipalazo\u201d convocado en la capital cruce\u00f1a, el c\u00edvico R\u00f3mulo Calvo expres\u00f3 a los medios de comunicaci\u00f3n:<\/p>\n\n\n\n<p>\u201c<em>Un trapo no hace nada, un trapo no nos representa, a nosotros lo que nos representa es nuestra fortaleza, nuestro trabajo, nuestro esfuerzo, nuestra constancia, nuestra fe en Dios y el poder buscar unidad para Bolivia<\/em>\u201d.<\/p>\n\n\n\n<p>M\u00e1s adelante, en la misma entrevista, declar\u00f3: \u201c<em>Es una falta de respeto, gente malagradecida que viene a esta tierra buscando mejores d\u00edas<\/em>\u201d, al respecto de la movilizaci\u00f3n convocada&nbsp; en desagravio del s\u00edmbolo patrio.<\/p>\n\n\n\n<p>A ra\u00edz de estas declaraciones, los legisladores del MAS: Mar\u00eda Mu\u00f1oz Rodr\u00edguez, Hern\u00e1n Hinojosa Rojas, Estefan\u00eda Morales Laura, Ninoska Liliana Morales Flores y Rolando Am\u00e9rico Enr\u00edquez Cuellar presentaron una denuncia por la que Calvo fue imputado formalmente por el Ministerio P\u00fablico.<\/p>\n\n\n\n<p>En el documento fiscal de la imputaci\u00f3n puede leerse:<\/p>\n\n\n\n<p>\u201c<em>La Comisi\u00f3n de Fiscales compuesta por la Abg. Margoth Vargas Jord\u00e1n y Francoise Cecilia Barron N., Fiscales de Materia en funciones en la Fiscal\u00eda Especializada de delitos Contra la Integridad de las Personas, de conformidad con lo establecido en el Art. 302 del C\u00f3digo de Procedimiento Penal se imputa formalmente a Romulo Calvo Bravo, por el presunto delito de Difusi\u00f3n e incitaci\u00f3n al racismo o a la discriminaci\u00f3n y ultraje a los s\u00edmbolos nacionales<\/em>\u201d.<\/p>\n","protected":false},"excerpt":{"rendered":"<p>En octubre de 2021, durante los proleg\u00f3menos de lo que ser\u00eda el \u201cwhipalazo\u201d convocado en la capital cruce\u00f1a, el c\u00edvico R\u00f3mulo Calvo expres\u00f3 a los medios de comunicaci\u00f3n: \u201cUn trapo no hace nada, un trapo no nos representa, a nosotros lo que nos representa es nuestra fortaleza, nuestro trabajo, nuestro esfuerzo, nuestra constancia, nuestra fe en Dios y el poder buscar unidad para Bolivia\u201d. M\u00e1s adelante, en la misma entrevista, declar\u00f3: \u201cEs una falta de respeto, gente malagradecida que viene a esta tierra buscando mejores d\u00edas\u201d, al respecto de la movilizaci\u00f3n convocada&nbsp; en desagravio del s\u00edmbolo patrio. A ra\u00edz de<\/p>\n","protected":false},"author":2,"featured_media":21602,"comment_status":"closed","ping_status":"open","sticky":false,"template":"","format":"standard","meta":{"_seopress_robots_primary_cat":"none","_seopress_titles_title":"","_seopress_titles_desc":"","_seopress_robots_index":"","_jetpack_memberships_contains_paid_content":false,"footnotes":""},"categories":[103],"tags":[109,858,1572,234,395,167],"class_list":["post-21597","post","type-post","status-publish","format-standard","has-post-thumbnail","hentry","category-nacional","tag-bolivia","tag-discriminacion","tag-imputacion","tag-racismo","tag-romulo-calvo","tag-santa-cruz"],"jetpack_featured_media_url":"https:\/\/elradar.info\/wp-content\/uploads\/2022\/04\/romulo-calvo_4_0.jpg","jetpack_sharing_enabled":true,"amp_enabled":true,"_links":{"self":[{"href":"https:\/\/elradar.info\/index.php?rest_route=\/wp\/v2\/posts\/21597","targetHints":{"allow":["GET"]}}],"collection":[{"href":"https:\/\/elradar.info\/index.php?rest_route=\/wp\/v2\/posts"}],"about":[{"href":"https:\/\/elradar.info\/index.php?rest_route=\/wp\/v2\/types\/post"}],"author":[{"embeddable":true,"href":"https:\/\/elradar.info\/index.php?rest_route=\/wp\/v2\/users\/2"}],"replies":[{"embeddable":true,"href":"https:\/\/elradar.info\/index.php?rest_route=%2Fwp%2Fv2%2Fcomments&post=21597"}],"version-history":[{"count":1,"href":"https:\/\/elradar.info\/index.php?rest_route=\/wp\/v2\/posts\/21597\/revisions"}],"predecessor-version":[{"id":21601,"href":"https:\/\/elradar.info\/index.php?rest_route=\/wp\/v2\/posts\/21597\/revisions\/21601"}],"wp:featuredmedia":[{"embeddable":true,"href":"https:\/\/elradar.info\/index.php?rest_route=\/wp\/v2\/media\/21602"}],"wp:attachment":[{"href":"https:\/\/elradar.info\/index.php?rest_route=%2Fwp%2Fv2%2Fmedia&parent=21597"}],"wp:term":[{"taxonomy":"category","embeddable":true,"href":"https:\/\/elradar.info\/index.php?rest_route=%2Fwp%2Fv2%2Fcategories&post=21597"},{"taxonomy":"post_tag","embeddable":true,"href":"https:\/\/elradar.info\/index.php?rest_route=%2Fwp%2Fv2%2Ftags&post=21597"}],"curies":[{"name":"wp","href":"https:\/\/api.w.org\/{rel}","templated":true}]}}