{"id":21641,"date":"2022-04-29T12:49:47","date_gmt":"2022-04-29T16:49:47","guid":{"rendered":"http:\/\/elradar.info\/?p=21641"},"modified":"2024-02-01T12:19:44","modified_gmt":"2024-02-01T16:19:44","slug":"amenaza-de-bomba-en-la-caja-petrolera-de-salud-en-pleno-centro-paceno","status":"publish","type":"post","link":"https:\/\/elradar.info\/?p=21641","title":{"rendered":"<strong>Amenaza de bomba en la Caja Petrolera de Salud, en pleno centro pace\u00f1o<\/strong>"},"content":{"rendered":"\n<p>La polic\u00eda y los bomberos desalojaron la ma\u00f1ana de este viernes a todo el personal de la instituci\u00f3n, adem\u00e1s de todas las personas que trabajan en los alrededores como bancos, comerciantes y transe\u00fantes, el carril de bajada de la v\u00eda permanece cerrado.<\/p>\n\n\n\n<p>El director de la EPI San Pedro, Juan Carlos Apaza, inform\u00f3 que<em> \u201caproximadamente a las 9:10, la secretaria de la Caja Petrolera de Salud y jefatura de gabinete recibieron dos llamadas telef\u00f3nicas con amenazas de posibles artefactos explosivos al interior de estas instalaciones\u201d.<\/em><\/p>\n\n\n\n<p><em>\u201cEl personal policial de Bomberos, especializados en temas de explosivos, realiza las pericias correspondientes\u201d, complement\u00f3 el jefe policial.<\/em><\/p>\n\n\n\n<figure class=\"wp-block-gallery has-nested-images columns-default is-cropped wp-block-gallery-1 is-layout-flex wp-block-gallery-is-layout-flex\">\n<figure class=\"wp-block-image size-large\"><img loading=\"lazy\" decoding=\"async\" width=\"900\" height=\"600\" data-id=\"21645\" src=\"https:\/\/elradar.info\/wp-content\/uploads\/2022\/04\/279275914_538532147765295_5606562310179721547_n.jpg\" alt=\"\" class=\"wp-image-21645\" srcset=\"https:\/\/elradar.info\/wp-content\/uploads\/2022\/04\/279275914_538532147765295_5606562310179721547_n.jpg 900w, https:\/\/elradar.info\/wp-content\/uploads\/2022\/04\/279275914_538532147765295_5606562310179721547_n-300x200.jpg 300w, https:\/\/elradar.info\/wp-content\/uploads\/2022\/04\/279275914_538532147765295_5606562310179721547_n-768x512.jpg 768w, https:\/\/elradar.info\/wp-content\/uploads\/2022\/04\/279275914_538532147765295_5606562310179721547_n-360x240.jpg 360w\" sizes=\"auto, (max-width: 900px) 100vw, 900px\" \/><\/figure>\n\n\n\n<figure class=\"wp-block-image size-large\"><img loading=\"lazy\" decoding=\"async\" width=\"1024\" height=\"683\" data-id=\"21647\" src=\"https:\/\/elradar.info\/wp-content\/uploads\/2022\/04\/279313345_538532111098632_7442499027412045898_n-1024x683.jpg\" alt=\"\" class=\"wp-image-21647\" srcset=\"https:\/\/elradar.info\/wp-content\/uploads\/2022\/04\/279313345_538532111098632_7442499027412045898_n-1024x683.jpg 1024w, https:\/\/elradar.info\/wp-content\/uploads\/2022\/04\/279313345_538532111098632_7442499027412045898_n-300x200.jpg 300w, https:\/\/elradar.info\/wp-content\/uploads\/2022\/04\/279313345_538532111098632_7442499027412045898_n-768x512.jpg 768w, https:\/\/elradar.info\/wp-content\/uploads\/2022\/04\/279313345_538532111098632_7442499027412045898_n-1536x1024.jpg 1536w, https:\/\/elradar.info\/wp-content\/uploads\/2022\/04\/279313345_538532111098632_7442499027412045898_n-360x240.jpg 360w, https:\/\/elradar.info\/wp-content\/uploads\/2022\/04\/279313345_538532111098632_7442499027412045898_n.jpg 1599w\" sizes=\"auto, (max-width: 1024px) 100vw, 1024px\" \/><\/figure>\n\n\n\n<figure class=\"wp-block-image size-large\"><img loading=\"lazy\" decoding=\"async\" width=\"900\" height=\"600\" data-id=\"21646\" src=\"https:\/\/elradar.info\/wp-content\/uploads\/2022\/04\/279200797_538532071098636_2073031878372468866_n.jpg\" alt=\"\" class=\"wp-image-21646\" srcset=\"https:\/\/elradar.info\/wp-content\/uploads\/2022\/04\/279200797_538532071098636_2073031878372468866_n.jpg 900w, https:\/\/elradar.info\/wp-content\/uploads\/2022\/04\/279200797_538532071098636_2073031878372468866_n-300x200.jpg 300w, https:\/\/elradar.info\/wp-content\/uploads\/2022\/04\/279200797_538532071098636_2073031878372468866_n-768x512.jpg 768w, https:\/\/elradar.info\/wp-content\/uploads\/2022\/04\/279200797_538532071098636_2073031878372468866_n-360x240.jpg 360w\" sizes=\"auto, (max-width: 900px) 100vw, 900px\" \/><\/figure>\n<\/figure>\n","protected":false},"excerpt":{"rendered":"<p>La polic\u00eda y los bomberos desalojaron la ma\u00f1ana de este viernes a todo el personal de la instituci\u00f3n, adem\u00e1s de todas las personas que trabajan en los alrededores como bancos, comerciantes y transe\u00fantes, el carril de bajada de la v\u00eda permanece cerrado. El director de la EPI San Pedro, Juan Carlos Apaza, inform\u00f3 que \u201caproximadamente a las 9:10, la secretaria de la Caja Petrolera de Salud y jefatura de gabinete recibieron dos llamadas telef\u00f3nicas con amenazas de posibles artefactos explosivos al interior de estas instalaciones\u201d. \u201cEl personal policial de Bomberos, especializados en temas de explosivos, realiza las pericias correspondientes\u201d, complement\u00f3<\/p>\n","protected":false},"author":2,"featured_media":21644,"comment_status":"closed","ping_status":"open","sticky":false,"template":"","format":"standard","meta":{"_seopress_robots_primary_cat":"none","_seopress_titles_title":"","_seopress_titles_desc":"","_seopress_robots_index":"","_jetpack_memberships_contains_paid_content":false,"footnotes":""},"categories":[103],"tags":[1589,109,1590,1591,1592,293],"class_list":["post-21641","post","type-post","status-publish","format-standard","has-post-thumbnail","hentry","category-nacional","tag-amenaza-de-bomba","tag-bolivia","tag-caja-petrolera-de-salud","tag-centro-paceno","tag-juan-carlos-apaza","tag-la-paz"],"jetpack_featured_media_url":"https:\/\/elradar.info\/wp-content\/uploads\/2022\/04\/279363470_538531991098644_6928090947766787399_n.jpg","jetpack_sharing_enabled":true,"amp_enabled":true,"_links":{"self":[{"href":"https:\/\/elradar.info\/index.php?rest_route=\/wp\/v2\/posts\/21641","targetHints":{"allow":["GET"]}}],"collection":[{"href":"https:\/\/elradar.info\/index.php?rest_route=\/wp\/v2\/posts"}],"about":[{"href":"https:\/\/elradar.info\/index.php?rest_route=\/wp\/v2\/types\/post"}],"author":[{"embeddable":true,"href":"https:\/\/elradar.info\/index.php?rest_route=\/wp\/v2\/users\/2"}],"replies":[{"embeddable":true,"href":"https:\/\/elradar.info\/index.php?rest_route=%2Fwp%2Fv2%2Fcomments&post=21641"}],"version-history":[{"count":1,"href":"https:\/\/elradar.info\/index.php?rest_route=\/wp\/v2\/posts\/21641\/revisions"}],"predecessor-version":[{"id":21648,"href":"https:\/\/elradar.info\/index.php?rest_route=\/wp\/v2\/posts\/21641\/revisions\/21648"}],"wp:featuredmedia":[{"embeddable":true,"href":"https:\/\/elradar.info\/index.php?rest_route=\/wp\/v2\/media\/21644"}],"wp:attachment":[{"href":"https:\/\/elradar.info\/index.php?rest_route=%2Fwp%2Fv2%2Fmedia&parent=21641"}],"wp:term":[{"taxonomy":"category","embeddable":true,"href":"https:\/\/elradar.info\/index.php?rest_route=%2Fwp%2Fv2%2Fcategories&post=21641"},{"taxonomy":"post_tag","embeddable":true,"href":"https:\/\/elradar.info\/index.php?rest_route=%2Fwp%2Fv2%2Ftags&post=21641"}],"curies":[{"name":"wp","href":"https:\/\/api.w.org\/{rel}","templated":true}]}}