{"id":21661,"date":"2022-04-29T16:10:29","date_gmt":"2022-04-29T20:10:29","guid":{"rendered":"http:\/\/elradar.info\/?p=21661"},"modified":"2024-02-01T12:19:44","modified_gmt":"2024-02-01T16:19:44","slug":"gobierno-se-compromete-a-construir-la-carretera-botijlaca-caquiaviri","status":"publish","type":"post","link":"https:\/\/elradar.info\/?p=21661","title":{"rendered":"<strong>Gobierno se compromete a construir la carretera Botijlaca-Caquiaviri<\/strong>"},"content":{"rendered":"\n<p>El ministro de obras p\u00fablicas, Edgar Monta\u00f1o, dio a conocer hoy que se lleg\u00f3 a un acuerdo con los pobladores de la provincia Pacajes, quienes se manifestaron el d\u00eda de ayer exigiendo la construcci\u00f3n de la carretera Botijlaca-Caquiaviri:<\/p>\n\n\n\n<p>\u201c<em>Despu\u00e9s de un extenso di\u00e1logo que hemos tenido con los hermanos dirigentes, y tambi\u00e9n el se\u00f1or gobernador de la ciudad de La Paz, es que hemos quedado en los siguientes t\u00e9rminos: el gobierno nacional y el gobierno departamental de La Paz garantizan la ejecuci\u00f3n de la carretera Botijlaca-Caquiaviri, de acuerdo a la siguiente estructura de financiamiento. El Gobierno Aut\u00f3nomo Departamental de La Paz acepta dar la contraparte local del 15% del costo total del proyecto. Los hermanos comunarios y dirigentes de la provincia Pacajes, a la cabeza de la organizaci\u00f3n Jacha Suyos Originarios de la provincia Pacajes garantizan que no cobrar\u00e1n los costos por la liberaci\u00f3n del derecho de v\u00eda<\/em>\u201d.<\/p>\n\n\n\n<p>El costo total de la obra ser\u00e1 de 47 millones de Bs. de los cuales la gobernaci\u00f3n de La Paz cubrir\u00e1 7 millones y el gobierno central los 40 millones restantes.&nbsp;<\/p>\n\n\n\n<p>Monta\u00f1o inform\u00f3 que, en estos momentos, ya no hay ning\u00fan bloqueo ni ninguna manifestaci\u00f3n: \u201c<em>esperemos que esta acta de compromiso se pueda cumplir al cien por ciento<\/em>\u201d, finaliz\u00f3.<\/p>\n\n\n\n<figure class=\"wp-block-gallery has-nested-images columns-default is-cropped wp-block-gallery-1 is-layout-flex wp-block-gallery-is-layout-flex\">\n<figure class=\"wp-block-image size-large\"><img loading=\"lazy\" decoding=\"async\" width=\"1024\" height=\"683\" data-id=\"21667\" src=\"https:\/\/elradar.info\/wp-content\/uploads\/2022\/04\/279427357_362593065905644_3612959911337432238_n-1024x683.jpg\" alt=\"\" class=\"wp-image-21667\" srcset=\"https:\/\/elradar.info\/wp-content\/uploads\/2022\/04\/279427357_362593065905644_3612959911337432238_n-1024x683.jpg 1024w, https:\/\/elradar.info\/wp-content\/uploads\/2022\/04\/279427357_362593065905644_3612959911337432238_n-300x200.jpg 300w, https:\/\/elradar.info\/wp-content\/uploads\/2022\/04\/279427357_362593065905644_3612959911337432238_n-768x512.jpg 768w, https:\/\/elradar.info\/wp-content\/uploads\/2022\/04\/279427357_362593065905644_3612959911337432238_n-360x240.jpg 360w, https:\/\/elradar.info\/wp-content\/uploads\/2022\/04\/279427357_362593065905644_3612959911337432238_n.jpg 1200w\" sizes=\"auto, (max-width: 1024px) 100vw, 1024px\" \/><\/figure>\n\n\n\n<figure class=\"wp-block-image size-large\"><img loading=\"lazy\" decoding=\"async\" width=\"691\" height=\"800\" data-id=\"21666\" src=\"https:\/\/elradar.info\/wp-content\/uploads\/2022\/04\/279478435_362592809239003_2065979622893854090_n.jpg\" alt=\"\" class=\"wp-image-21666\" srcset=\"https:\/\/elradar.info\/wp-content\/uploads\/2022\/04\/279478435_362592809239003_2065979622893854090_n.jpg 691w, https:\/\/elradar.info\/wp-content\/uploads\/2022\/04\/279478435_362592809239003_2065979622893854090_n-259x300.jpg 259w, https:\/\/elradar.info\/wp-content\/uploads\/2022\/04\/279478435_362592809239003_2065979622893854090_n-360x417.jpg 360w\" sizes=\"auto, (max-width: 691px) 100vw, 691px\" \/><\/figure>\n\n\n\n<figure class=\"wp-block-image size-large\"><img loading=\"lazy\" decoding=\"async\" width=\"658\" height=\"1024\" data-id=\"21668\" src=\"https:\/\/elradar.info\/wp-content\/uploads\/2022\/04\/279488640_362594659238818_6266343075114353004_n-658x1024.jpg\" alt=\"\" class=\"wp-image-21668\" srcset=\"https:\/\/elradar.info\/wp-content\/uploads\/2022\/04\/279488640_362594659238818_6266343075114353004_n-658x1024.jpg 658w, https:\/\/elradar.info\/wp-content\/uploads\/2022\/04\/279488640_362594659238818_6266343075114353004_n-193x300.jpg 193w, https:\/\/elradar.info\/wp-content\/uploads\/2022\/04\/279488640_362594659238818_6266343075114353004_n-768x1195.jpg 768w, https:\/\/elradar.info\/wp-content\/uploads\/2022\/04\/279488640_362594659238818_6266343075114353004_n-987x1536.jpg 987w, https:\/\/elradar.info\/wp-content\/uploads\/2022\/04\/279488640_362594659238818_6266343075114353004_n-360x560.jpg 360w, https:\/\/elradar.info\/wp-content\/uploads\/2022\/04\/279488640_362594659238818_6266343075114353004_n.jpg 1028w\" sizes=\"auto, (max-width: 658px) 100vw, 658px\" \/><\/figure>\n<\/figure>\n","protected":false},"excerpt":{"rendered":"<p>El ministro de obras p\u00fablicas, Edgar Monta\u00f1o, dio a conocer hoy que se lleg\u00f3 a un acuerdo con los pobladores de la provincia Pacajes, quienes se manifestaron el d\u00eda de ayer exigiendo la construcci\u00f3n de la carretera Botijlaca-Caquiaviri: \u201cDespu\u00e9s de un extenso di\u00e1logo que hemos tenido con los hermanos dirigentes, y tambi\u00e9n el se\u00f1or gobernador de la ciudad de La Paz, es que hemos quedado en los siguientes t\u00e9rminos: el gobierno nacional y el gobierno departamental de La Paz garantizan la ejecuci\u00f3n de la carretera Botijlaca-Caquiaviri, de acuerdo a la siguiente estructura de financiamiento. El Gobierno Aut\u00f3nomo Departamental de La<\/p>\n","protected":false},"author":2,"featured_media":21664,"comment_status":"closed","ping_status":"open","sticky":false,"template":"","format":"standard","meta":{"_seopress_robots_primary_cat":"none","_seopress_titles_title":"","_seopress_titles_desc":"","_seopress_robots_index":"","_jetpack_memberships_contains_paid_content":false,"footnotes":""},"categories":[103],"tags":[109,1593,1596,584,293],"class_list":["post-21661","post","type-post","status-publish","format-standard","has-post-thumbnail","hentry","category-nacional","tag-bolivia","tag-carretera-botijlaca-caquiaviri","tag-construccion-de-la-carretera-botijlaca-caquiaviri","tag-edgar-montano","tag-la-paz"],"jetpack_featured_media_url":"https:\/\/elradar.info\/wp-content\/uploads\/2022\/04\/LA_PAZ_CAR.jpg","jetpack_sharing_enabled":true,"amp_enabled":true,"_links":{"self":[{"href":"https:\/\/elradar.info\/index.php?rest_route=\/wp\/v2\/posts\/21661","targetHints":{"allow":["GET"]}}],"collection":[{"href":"https:\/\/elradar.info\/index.php?rest_route=\/wp\/v2\/posts"}],"about":[{"href":"https:\/\/elradar.info\/index.php?rest_route=\/wp\/v2\/types\/post"}],"author":[{"embeddable":true,"href":"https:\/\/elradar.info\/index.php?rest_route=\/wp\/v2\/users\/2"}],"replies":[{"embeddable":true,"href":"https:\/\/elradar.info\/index.php?rest_route=%2Fwp%2Fv2%2Fcomments&post=21661"}],"version-history":[{"count":2,"href":"https:\/\/elradar.info\/index.php?rest_route=\/wp\/v2\/posts\/21661\/revisions"}],"predecessor-version":[{"id":21669,"href":"https:\/\/elradar.info\/index.php?rest_route=\/wp\/v2\/posts\/21661\/revisions\/21669"}],"wp:featuredmedia":[{"embeddable":true,"href":"https:\/\/elradar.info\/index.php?rest_route=\/wp\/v2\/media\/21664"}],"wp:attachment":[{"href":"https:\/\/elradar.info\/index.php?rest_route=%2Fwp%2Fv2%2Fmedia&parent=21661"}],"wp:term":[{"taxonomy":"category","embeddable":true,"href":"https:\/\/elradar.info\/index.php?rest_route=%2Fwp%2Fv2%2Fcategories&post=21661"},{"taxonomy":"post_tag","embeddable":true,"href":"https:\/\/elradar.info\/index.php?rest_route=%2Fwp%2Fv2%2Ftags&post=21661"}],"curies":[{"name":"wp","href":"https:\/\/api.w.org\/{rel}","templated":true}]}}