{"id":21671,"date":"2022-04-29T16:45:58","date_gmt":"2022-04-29T20:45:58","guid":{"rendered":"http:\/\/elradar.info\/?p=21671"},"modified":"2024-02-01T12:19:43","modified_gmt":"2024-02-01T16:19:43","slug":"gobierno-entrega-nueva-infraestructura-a-la-unidad-educativa-canata-inicial-en-cochabamba","status":"publish","type":"post","link":"https:\/\/elradar.info\/?p=21671","title":{"rendered":"<strong>Gobierno entrega nueva infraestructura a la Unidad Educativa &#8216;Canata Inicial&#8217; en Cochabamba<\/strong>"},"content":{"rendered":"\n<p>El presidente, Luis Arce, entreg\u00f3 una nueva infraestructura a la Unidad Educativa &#8216;Canata Inicial&#8217;, en beneficio de m\u00e1s de 150 ni\u00f1as y ni\u00f1os del Distrito 5 de la ciudad de Cochabamba. La obra demand\u00f3 una inversi\u00f3n de m\u00e1s de Bs 3,4 millones.<\/p>\n\n\n\n<p><em>\u201cHoy venimos a entregar esta instalaci\u00f3n, este tinglado y estas aulas que con mucho cari\u00f1o fueron construidas por nuestro Gobierno nacional, para mejorar la calidad educativa, el proceso de ense\u00f1anza en la ciudad de Cochabamba\u201d<\/em>,<a href=\"https:\/\/twitter.com\/hashtag\/Cochabamba?src=hashtag_click\"> <\/a>dijo Arce.<\/p>\n\n\n\n<p>El jefe de Estado se\u00f1al\u00f3: <em>\u201cEstamos conscientes de que nuestras ni\u00f1as, ni\u00f1os y j\u00f3venes, ya en el ciclo secundario, tienen que tener una mayor exigencia por parte de los profesores. Los bolivianos podemos dar m\u00e1s, somos capaces, y en ese orden trabajamos con el Ministerio de Educaci\u00f3n\u201d.<\/em><\/p>\n","protected":false},"excerpt":{"rendered":"<p>El presidente, Luis Arce, entreg\u00f3 una nueva infraestructura a la Unidad Educativa &#8216;Canata Inicial&#8217;, en beneficio de m\u00e1s de 150 ni\u00f1as y ni\u00f1os del Distrito 5 de la ciudad de Cochabamba. La obra demand\u00f3 una inversi\u00f3n de m\u00e1s de Bs 3,4 millones. \u201cHoy venimos a entregar esta instalaci\u00f3n, este tinglado y estas aulas que con mucho cari\u00f1o fueron construidas por nuestro Gobierno nacional, para mejorar la calidad educativa, el proceso de ense\u00f1anza en la ciudad de Cochabamba\u201d, dijo Arce. El jefe de Estado se\u00f1al\u00f3: \u201cEstamos conscientes de que nuestras ni\u00f1as, ni\u00f1os y j\u00f3venes, ya en el ciclo secundario, tienen que<\/p>\n","protected":false},"author":2,"featured_media":21674,"comment_status":"closed","ping_status":"open","sticky":false,"template":"","format":"standard","meta":{"_seopress_robots_primary_cat":"none","_seopress_titles_title":"","_seopress_titles_desc":"","_seopress_robots_index":"","_jetpack_memberships_contains_paid_content":false,"footnotes":""},"categories":[103],"tags":[109,313,1597],"class_list":["post-21671","post","type-post","status-publish","format-standard","has-post-thumbnail","hentry","category-nacional","tag-bolivia","tag-cochabamba","tag-unidad-educativa-canata-inicial"],"jetpack_featured_media_url":"https:\/\/elradar.info\/wp-content\/uploads\/2022\/04\/279485486_319331417007797_1331948252132364266_n.jpg","jetpack_sharing_enabled":true,"amp_enabled":true,"_links":{"self":[{"href":"https:\/\/elradar.info\/index.php?rest_route=\/wp\/v2\/posts\/21671","targetHints":{"allow":["GET"]}}],"collection":[{"href":"https:\/\/elradar.info\/index.php?rest_route=\/wp\/v2\/posts"}],"about":[{"href":"https:\/\/elradar.info\/index.php?rest_route=\/wp\/v2\/types\/post"}],"author":[{"embeddable":true,"href":"https:\/\/elradar.info\/index.php?rest_route=\/wp\/v2\/users\/2"}],"replies":[{"embeddable":true,"href":"https:\/\/elradar.info\/index.php?rest_route=%2Fwp%2Fv2%2Fcomments&post=21671"}],"version-history":[{"count":1,"href":"https:\/\/elradar.info\/index.php?rest_route=\/wp\/v2\/posts\/21671\/revisions"}],"predecessor-version":[{"id":21675,"href":"https:\/\/elradar.info\/index.php?rest_route=\/wp\/v2\/posts\/21671\/revisions\/21675"}],"wp:featuredmedia":[{"embeddable":true,"href":"https:\/\/elradar.info\/index.php?rest_route=\/wp\/v2\/media\/21674"}],"wp:attachment":[{"href":"https:\/\/elradar.info\/index.php?rest_route=%2Fwp%2Fv2%2Fmedia&parent=21671"}],"wp:term":[{"taxonomy":"category","embeddable":true,"href":"https:\/\/elradar.info\/index.php?rest_route=%2Fwp%2Fv2%2Fcategories&post=21671"},{"taxonomy":"post_tag","embeddable":true,"href":"https:\/\/elradar.info\/index.php?rest_route=%2Fwp%2Fv2%2Ftags&post=21671"}],"curies":[{"name":"wp","href":"https:\/\/api.w.org\/{rel}","templated":true}]}}