{"id":21729,"date":"2022-05-03T12:14:40","date_gmt":"2022-05-03T16:14:40","guid":{"rendered":"http:\/\/elradar.info\/?p=21729"},"modified":"2024-02-01T12:19:43","modified_gmt":"2024-02-01T16:19:43","slug":"caso-robo-de-autos-en-chile-el-exsubdirector-de-diprove-y-el-exteniente-coronel-de-la-policia-niegan-acusaciones","status":"publish","type":"post","link":"https:\/\/elradar.info\/?p=21729","title":{"rendered":"<strong>Caso robo de autos en Chile: el exsubdirector de Diprove y el exteniente coronel de la polic\u00eda niegan acusaciones<\/strong>"},"content":{"rendered":"\n<p>Tras la investigaci\u00f3n period\u00edstica de la prensa chilena sobre autos robados, el ahora exsubdirector de la Direcci\u00f3n Nacional de Prevenci\u00f3n e Investigaci\u00f3n de Robo de Veh\u00edculos (Diprove) en Santa Cruz, Rolando T\u00e9llez y el exteniente coronel de la Polic\u00eda, Ra\u00fal Cabezas Pantoja declararon a la prensa no estar involucrados con los hechos.<\/p>\n\n\n\n<p>En una entrevista con Unitel T\u00e9llez dijo: \u201cese contacto no existe con mi persona, no tom\u00e9 contacto con ese supuesto vendedor de autos, seg\u00fan ese reportaje y que indica el se\u00f1or Hugo Bustos. A esa persona que dice que ha hablado conmigo, no lo conozco, enf\u00e1ticamente lo niego. Estoy a disposici\u00f3n de mis superiores, doy la cara porque mi nombre est\u00e1 en un reportaje\u201d.<\/p>\n\n\n\n<p>Continu\u00f3 y dijo que el s\u00e1bado, el ciudadano chileno, Hugo Bustos, lo contact\u00f3 por v\u00eda telef\u00f3nica y WhatsApp para reunirse con \u00e9l y es cuando se dirige hasta las oficinas de Diprove, pero como estaba en su d\u00eda de descanso lo cita para el lunes y adem\u00e1s le pide que traiga toda la documentaci\u00f3n como identificaci\u00f3n, de propiedad, tr\u00e1mites pertinentes hechos ante la Canciller\u00eda y otros.<\/p>\n\n\n\n<p>Por su parte, el exteniente coronel de la Polic\u00eda, Ra\u00fal Cabezas Pantoja, se\u00f1al\u00f3 que no tiene relaci\u00f3n&nbsp; alguna con el veh\u00edculo robado&nbsp; y que \u00e9ste estaba en posesi\u00f3n de su hermana. Afirm\u00f3 que tiene todos los descargos necesarios para responder a las acusaciones hechas en su contra.&nbsp;&nbsp;&nbsp;<\/p>\n\n\n\n<p>\u201cNos hemos enterado de este reportaje y estamos preparando los descargos necesarios. Yo trabajo en Potos\u00ed, no estoy en Santa Cruz. Es mi hermana la que vive en esa casa donde encontraron el veh\u00edculo. Ella tambi\u00e9n se present\u00f3 all\u00e1, en Santa Cruz, para desvirtuar esta situaci\u00f3n\u201d, declar\u00f3 en contacto a P\u00e1gina Siete.<\/p>\n\n\n\n<p>Reiter\u00f3 que no tiene ning\u00fan v\u00ednculo con el motorizado o con su internaci\u00f3n al pa\u00eds. \u201cMi hermana es abogada y este&nbsp; autom\u00f3vil&nbsp; les fue dejado al equipo con el que trabaja a cuenta de los honorarios por un caso que estaba llevando.&nbsp;<\/p>\n","protected":false},"excerpt":{"rendered":"<p>Tras la investigaci\u00f3n period\u00edstica de la prensa chilena sobre autos robados, el ahora exsubdirector de la Direcci\u00f3n Nacional de Prevenci\u00f3n e Investigaci\u00f3n de Robo de Veh\u00edculos (Diprove) en Santa Cruz, Rolando T\u00e9llez y el exteniente coronel de la Polic\u00eda, Ra\u00fal Cabezas Pantoja declararon a la prensa no estar involucrados con los hechos. En una entrevista con Unitel T\u00e9llez dijo: \u201cese contacto no existe con mi persona, no tom\u00e9 contacto con ese supuesto vendedor de autos, seg\u00fan ese reportaje y que indica el se\u00f1or Hugo Bustos. A esa persona que dice que ha hablado conmigo, no lo conozco, enf\u00e1ticamente lo niego.<\/p>\n","protected":false},"author":2,"featured_media":21732,"comment_status":"closed","ping_status":"open","sticky":false,"template":"","format":"standard","meta":{"_seopress_robots_primary_cat":"none","_seopress_titles_title":"","_seopress_titles_desc":"","_seopress_robots_index":"","_jetpack_memberships_contains_paid_content":false,"footnotes":""},"categories":[103],"tags":[109,1625,135,1626,1627,1619,1621],"class_list":["post-21729","post","type-post","status-publish","format-standard","has-post-thumbnail","hentry","category-nacional","tag-bolivia","tag-caso-robo-de-autos-en-chile","tag-chile","tag-exsubdirector-de-diprove","tag-exteniente-coronel-de-la-policia","tag-raul-cabezas-pantoja","tag-rolando-tellez"],"jetpack_featured_media_url":"https:\/\/elradar.info\/wp-content\/uploads\/2022\/05\/rolando-tllez-exsubdirector-de-diprove_362346073_1140x520.jpg","jetpack_sharing_enabled":true,"amp_enabled":true,"_links":{"self":[{"href":"https:\/\/elradar.info\/index.php?rest_route=\/wp\/v2\/posts\/21729","targetHints":{"allow":["GET"]}}],"collection":[{"href":"https:\/\/elradar.info\/index.php?rest_route=\/wp\/v2\/posts"}],"about":[{"href":"https:\/\/elradar.info\/index.php?rest_route=\/wp\/v2\/types\/post"}],"author":[{"embeddable":true,"href":"https:\/\/elradar.info\/index.php?rest_route=\/wp\/v2\/users\/2"}],"replies":[{"embeddable":true,"href":"https:\/\/elradar.info\/index.php?rest_route=%2Fwp%2Fv2%2Fcomments&post=21729"}],"version-history":[{"count":1,"href":"https:\/\/elradar.info\/index.php?rest_route=\/wp\/v2\/posts\/21729\/revisions"}],"predecessor-version":[{"id":21733,"href":"https:\/\/elradar.info\/index.php?rest_route=\/wp\/v2\/posts\/21729\/revisions\/21733"}],"wp:featuredmedia":[{"embeddable":true,"href":"https:\/\/elradar.info\/index.php?rest_route=\/wp\/v2\/media\/21732"}],"wp:attachment":[{"href":"https:\/\/elradar.info\/index.php?rest_route=%2Fwp%2Fv2%2Fmedia&parent=21729"}],"wp:term":[{"taxonomy":"category","embeddable":true,"href":"https:\/\/elradar.info\/index.php?rest_route=%2Fwp%2Fv2%2Fcategories&post=21729"},{"taxonomy":"post_tag","embeddable":true,"href":"https:\/\/elradar.info\/index.php?rest_route=%2Fwp%2Fv2%2Ftags&post=21729"}],"curies":[{"name":"wp","href":"https:\/\/api.w.org\/{rel}","templated":true}]}}