{"id":21812,"date":"2022-05-04T12:15:57","date_gmt":"2022-05-04T16:15:57","guid":{"rendered":"http:\/\/elradar.info\/?p=21812"},"modified":"2024-02-01T12:19:42","modified_gmt":"2024-02-01T16:19:42","slug":"suspenden-audiencia-de-anez-hasta-tener-una-respuesta-del-tcp","status":"publish","type":"post","link":"https:\/\/elradar.info\/?p=21812","title":{"rendered":"<strong>Suspenden audiencia de A\u00f1ez hasta tener una respuesta del TCP<\/strong>"},"content":{"rendered":"\n<p>La audiencia de juicio ordinario contra A\u00f1ez se suspende de 10 a 15 d\u00edas aproximadamente, hasta que el Tribunal Constitucional se pronuncie sobre la acci\u00f3n de inconstitucionalidad presentada por la defensa de A\u00f1ez, inform\u00f3 el fiscal Omar Mejillones.&nbsp;<\/p>\n\n\n\n<p>El Tribunal Primero de Sentencia Anticorrupci\u00f3n de La Paz deb\u00eda dictar sentencia hoy contra la exsenadora Jeanine A\u00f1ez, exjefes militares y policiales, por el caso Golpe de Estado II, manifest\u00f3 ayer Mejillones.<\/p>\n\n\n\n<p>Esta es la fase final del caso Golpe de Estado II. La Fiscal\u00eda pedir\u00e1 entre 12 a 15 a\u00f1os de presidio para Jeanine \u00c1\u00f1ez.<\/p>\n","protected":false},"excerpt":{"rendered":"<p>La audiencia de juicio ordinario contra A\u00f1ez se suspende de 10 a 15 d\u00edas aproximadamente, hasta que el Tribunal Constitucional se pronuncie sobre la acci\u00f3n de inconstitucionalidad presentada por la defensa de A\u00f1ez, inform\u00f3 el fiscal Omar Mejillones.&nbsp; El Tribunal Primero de Sentencia Anticorrupci\u00f3n de La Paz deb\u00eda dictar sentencia hoy contra la exsenadora Jeanine A\u00f1ez, exjefes militares y policiales, por el caso Golpe de Estado II, manifest\u00f3 ayer Mejillones. Esta es la fase final del caso Golpe de Estado II. La Fiscal\u00eda pedir\u00e1 entre 12 a 15 a\u00f1os de presidio para Jeanine \u00c1\u00f1ez.<\/p>\n","protected":false},"author":2,"featured_media":21815,"comment_status":"closed","ping_status":"open","sticky":false,"template":"","format":"standard","meta":{"_seopress_robots_primary_cat":"none","_seopress_titles_title":"","_seopress_titles_desc":"","_seopress_robots_index":"","_jetpack_memberships_contains_paid_content":false,"footnotes":""},"categories":[103],"tags":[1661,1662,109,963,131,293,1660,982],"class_list":["post-21812","post","type-post","status-publish","format-standard","has-post-thumbnail","hentry","category-nacional","tag-audiencia","tag-audiencia-de-juicio-ordinario","tag-bolivia","tag-caso-golpe-de-estado-ii","tag-jeanine-anez","tag-la-paz","tag-omar-mejillones","tag-tribunal-primero-de-sentencia-anticorrupcion-de-la-paz"],"jetpack_featured_media_url":"https:\/\/elradar.info\/wp-content\/uploads\/2022\/05\/jeanine-anez-hablando-con-la___OE5_1w4U_1200x630__1.webp","jetpack_sharing_enabled":true,"amp_enabled":true,"_links":{"self":[{"href":"https:\/\/elradar.info\/index.php?rest_route=\/wp\/v2\/posts\/21812","targetHints":{"allow":["GET"]}}],"collection":[{"href":"https:\/\/elradar.info\/index.php?rest_route=\/wp\/v2\/posts"}],"about":[{"href":"https:\/\/elradar.info\/index.php?rest_route=\/wp\/v2\/types\/post"}],"author":[{"embeddable":true,"href":"https:\/\/elradar.info\/index.php?rest_route=\/wp\/v2\/users\/2"}],"replies":[{"embeddable":true,"href":"https:\/\/elradar.info\/index.php?rest_route=%2Fwp%2Fv2%2Fcomments&post=21812"}],"version-history":[{"count":1,"href":"https:\/\/elradar.info\/index.php?rest_route=\/wp\/v2\/posts\/21812\/revisions"}],"predecessor-version":[{"id":21816,"href":"https:\/\/elradar.info\/index.php?rest_route=\/wp\/v2\/posts\/21812\/revisions\/21816"}],"wp:featuredmedia":[{"embeddable":true,"href":"https:\/\/elradar.info\/index.php?rest_route=\/wp\/v2\/media\/21815"}],"wp:attachment":[{"href":"https:\/\/elradar.info\/index.php?rest_route=%2Fwp%2Fv2%2Fmedia&parent=21812"}],"wp:term":[{"taxonomy":"category","embeddable":true,"href":"https:\/\/elradar.info\/index.php?rest_route=%2Fwp%2Fv2%2Fcategories&post=21812"},{"taxonomy":"post_tag","embeddable":true,"href":"https:\/\/elradar.info\/index.php?rest_route=%2Fwp%2Fv2%2Ftags&post=21812"}],"curies":[{"name":"wp","href":"https:\/\/api.w.org\/{rel}","templated":true}]}}