{"id":21824,"date":"2022-05-04T13:59:38","date_gmt":"2022-05-04T17:59:38","guid":{"rendered":"http:\/\/elradar.info\/?p=21824"},"modified":"2024-02-01T12:19:42","modified_gmt":"2024-02-01T16:19:42","slug":"en-sucre-el-uso-del-barbijo-en-espacios-publicos-deja-de-ser-obligatorio","status":"publish","type":"post","link":"https:\/\/elradar.info\/?p=21824","title":{"rendered":"En Sucre, el uso del barbijo en espacios p\u00fablicos deja de ser obligatorio\u00a0"},"content":{"rendered":"\n<p>El Concejo Municipal de Sucre aprob\u00f3 hoy mi\u00e9rcoles la modificaci\u00f3n a ley municipal de uso obligatorio de barbijos en espacios p\u00fablicos, debido a que los contagios de Covid-19 se mantienen en niveles m\u00ednimos desde hace varias semanas.<\/p>\n\n\n\n<p>Eduardo Lora, concejal municipal de Sucre, inform\u00f3 que en plazas, parques y calles se dejar\u00e1 de usar barbijos, pero que a\u00fan es obligatorio su uso en espacios cerrados.<\/p>\n\n\n\n<p>El municipio de Sucre se consolida como el primer municipio capital en aprobar una norma que retira la obligatoriedad del uso del barbijo en espacios p\u00fablicos. Votaron a favor de esta propuesta la mayor\u00eda de los concejales, salvo dos de la bancada opositora (Antonio Pino y Melisa Cortez).<\/p>\n\n\n\n<p>Desde el 2020, tras el reporte de los primeros casos de coronavirus en el pa\u00eds, las autoridades nacionales normaron el uso de barbijo. Adem\u00e1s, distintos municipios aprobaron leyes municipales para establecer su obligatoriedad.<\/p>\n\n\n\n<p><\/p>\n\n\n\n<p><\/p>\n\n\n\n<p><\/p>\n","protected":false},"excerpt":{"rendered":"<p>El Concejo Municipal de Sucre aprob\u00f3 hoy mi\u00e9rcoles la modificaci\u00f3n a ley municipal de uso obligatorio de barbijos en espacios p\u00fablicos, debido a que los contagios de Covid-19 se mantienen en niveles m\u00ednimos desde hace varias semanas. Eduardo Lora, concejal municipal de Sucre, inform\u00f3 que en plazas, parques y calles se dejar\u00e1 de usar barbijos, pero que a\u00fan es obligatorio su uso en espacios cerrados. El municipio de Sucre se consolida como el primer municipio capital en aprobar una norma que retira la obligatoriedad del uso del barbijo en espacios p\u00fablicos. Votaron a favor de esta propuesta la mayor\u00eda de<\/p>\n","protected":false},"author":2,"featured_media":21827,"comment_status":"closed","ping_status":"open","sticky":false,"template":"","format":"standard","meta":{"_seopress_robots_primary_cat":"none","_seopress_titles_title":"","_seopress_titles_desc":"","_seopress_robots_index":"","_jetpack_memberships_contains_paid_content":false,"footnotes":""},"categories":[103,201],"tags":[109,474,1496,1667],"class_list":["post-21824","post","type-post","status-publish","format-standard","has-post-thumbnail","hentry","category-nacional","category-salud","tag-bolivia","tag-covid-19","tag-sucre","tag-uso-del-barbijo"],"jetpack_featured_media_url":"https:\/\/elradar.info\/wp-content\/uploads\/2022\/05\/2020073122361398010.jpg","jetpack_sharing_enabled":true,"amp_enabled":true,"_links":{"self":[{"href":"https:\/\/elradar.info\/index.php?rest_route=\/wp\/v2\/posts\/21824","targetHints":{"allow":["GET"]}}],"collection":[{"href":"https:\/\/elradar.info\/index.php?rest_route=\/wp\/v2\/posts"}],"about":[{"href":"https:\/\/elradar.info\/index.php?rest_route=\/wp\/v2\/types\/post"}],"author":[{"embeddable":true,"href":"https:\/\/elradar.info\/index.php?rest_route=\/wp\/v2\/users\/2"}],"replies":[{"embeddable":true,"href":"https:\/\/elradar.info\/index.php?rest_route=%2Fwp%2Fv2%2Fcomments&post=21824"}],"version-history":[{"count":1,"href":"https:\/\/elradar.info\/index.php?rest_route=\/wp\/v2\/posts\/21824\/revisions"}],"predecessor-version":[{"id":21828,"href":"https:\/\/elradar.info\/index.php?rest_route=\/wp\/v2\/posts\/21824\/revisions\/21828"}],"wp:featuredmedia":[{"embeddable":true,"href":"https:\/\/elradar.info\/index.php?rest_route=\/wp\/v2\/media\/21827"}],"wp:attachment":[{"href":"https:\/\/elradar.info\/index.php?rest_route=%2Fwp%2Fv2%2Fmedia&parent=21824"}],"wp:term":[{"taxonomy":"category","embeddable":true,"href":"https:\/\/elradar.info\/index.php?rest_route=%2Fwp%2Fv2%2Fcategories&post=21824"},{"taxonomy":"post_tag","embeddable":true,"href":"https:\/\/elradar.info\/index.php?rest_route=%2Fwp%2Fv2%2Ftags&post=21824"}],"curies":[{"name":"wp","href":"https:\/\/api.w.org\/{rel}","templated":true}]}}