{"id":21830,"date":"2022-05-04T14:23:32","date_gmt":"2022-05-04T18:23:32","guid":{"rendered":"http:\/\/elradar.info\/?p=21830"},"modified":"2024-02-01T12:19:42","modified_gmt":"2024-02-01T16:19:42","slug":"la-vocal-del-tribunal-supremo-electoral-maria-angelica-ruiz-presento-su-renuncia","status":"publish","type":"post","link":"https:\/\/elradar.info\/?p=21830","title":{"rendered":"<strong>La vocal del Tribunal Supremo Electoral, Mar\u00eda Ang\u00e9lica Ru\u00edz present\u00f3 su renuncia<\/strong>&nbsp;"},"content":{"rendered":"\n<p>La vocal nacional del Tribunal Supremo Electoral (TSE), Mar\u00eda Ang\u00e9lica Ruiz Vaca D\u00edez, present\u00f3 ayer martes su renuncia. Se trata de la exvicepresidenta de ese organismo, que asumi\u00f3 interinamente la presidencia tras el alejamiento de Salvador Romero.<\/p>\n\n\n\n<p>En la carta, dirigida al vicepresidente David Choquehuanca, la autoridad dijo sentirse &#8220;orgullosa&#8221; de lo alcanzado en su gesti\u00f3n, pero asegur\u00f3 que &#8220;con las actuales condiciones&#8221; no se puede avanzar.&nbsp;&nbsp;&nbsp;<\/p>\n\n\n\n<p>Ruiz es una de las cuatro autoridades del TSE denunciadas penalmente por el diputado del MAS, Jhonny Pardo, por aprobar la resoluci\u00f3n que habilit\u00f3 la candidatura de Manfred Reyes Villa.<\/p>\n","protected":false},"excerpt":{"rendered":"<p>La vocal nacional del Tribunal Supremo Electoral (TSE), Mar\u00eda Ang\u00e9lica Ruiz Vaca D\u00edez, present\u00f3 ayer martes su renuncia. Se trata de la exvicepresidenta de ese organismo, que asumi\u00f3 interinamente la presidencia tras el alejamiento de Salvador Romero. En la carta, dirigida al vicepresidente David Choquehuanca, la autoridad dijo sentirse &#8220;orgullosa&#8221; de lo alcanzado en su gesti\u00f3n, pero asegur\u00f3 que &#8220;con las actuales condiciones&#8221; no se puede avanzar.&nbsp;&nbsp;&nbsp; Ruiz es una de las cuatro autoridades del TSE denunciadas penalmente por el diputado del MAS, Jhonny Pardo, por aprobar la resoluci\u00f3n que habilit\u00f3 la candidatura de Manfred Reyes Villa.<\/p>\n","protected":false},"author":2,"featured_media":21833,"comment_status":"closed","ping_status":"open","sticky":false,"template":"","format":"standard","meta":{"_seopress_robots_primary_cat":"none","_seopress_titles_title":"","_seopress_titles_desc":"","_seopress_robots_index":"","_jetpack_memberships_contains_paid_content":false,"footnotes":""},"categories":[103],"tags":[109,1670,1671,1669],"class_list":["post-21830","post","type-post","status-publish","format-standard","has-post-thumbnail","hentry","category-nacional","tag-bolivia","tag-maria-angelica-ruiz","tag-renuncia","tag-vocal-del-tribunal-supremo-electoral"],"jetpack_featured_media_url":"https:\/\/elradar.info\/wp-content\/uploads\/2022\/05\/Mari\u0301a-Ange\u0301lica-Ruiz.jpg","jetpack_sharing_enabled":true,"amp_enabled":true,"_links":{"self":[{"href":"https:\/\/elradar.info\/index.php?rest_route=\/wp\/v2\/posts\/21830","targetHints":{"allow":["GET"]}}],"collection":[{"href":"https:\/\/elradar.info\/index.php?rest_route=\/wp\/v2\/posts"}],"about":[{"href":"https:\/\/elradar.info\/index.php?rest_route=\/wp\/v2\/types\/post"}],"author":[{"embeddable":true,"href":"https:\/\/elradar.info\/index.php?rest_route=\/wp\/v2\/users\/2"}],"replies":[{"embeddable":true,"href":"https:\/\/elradar.info\/index.php?rest_route=%2Fwp%2Fv2%2Fcomments&post=21830"}],"version-history":[{"count":1,"href":"https:\/\/elradar.info\/index.php?rest_route=\/wp\/v2\/posts\/21830\/revisions"}],"predecessor-version":[{"id":21834,"href":"https:\/\/elradar.info\/index.php?rest_route=\/wp\/v2\/posts\/21830\/revisions\/21834"}],"wp:featuredmedia":[{"embeddable":true,"href":"https:\/\/elradar.info\/index.php?rest_route=\/wp\/v2\/media\/21833"}],"wp:attachment":[{"href":"https:\/\/elradar.info\/index.php?rest_route=%2Fwp%2Fv2%2Fmedia&parent=21830"}],"wp:term":[{"taxonomy":"category","embeddable":true,"href":"https:\/\/elradar.info\/index.php?rest_route=%2Fwp%2Fv2%2Fcategories&post=21830"},{"taxonomy":"post_tag","embeddable":true,"href":"https:\/\/elradar.info\/index.php?rest_route=%2Fwp%2Fv2%2Ftags&post=21830"}],"curies":[{"name":"wp","href":"https:\/\/api.w.org\/{rel}","templated":true}]}}