{"id":21869,"date":"2022-05-05T10:58:48","date_gmt":"2022-05-05T14:58:48","guid":{"rendered":"http:\/\/elradar.info\/?p=21869"},"modified":"2024-02-01T12:19:42","modified_gmt":"2024-02-01T16:19:42","slug":"aseguran-que-condiciones-de-murillo-son-politicas-y-lo-acusan-de-armar-un-show-mediatico","status":"publish","type":"post","link":"https:\/\/elradar.info\/?p=21869","title":{"rendered":"Aseguran que condiciones de Murillo son pol\u00edticas y lo acusan de armar un \u201cshow\u201d medi\u00e1tico"},"content":{"rendered":"\n<p>El ofrecimiento de \u201cintercambio de prisioneros\u201d realizado por Arturo Murillo hizo que oposici\u00f3n y oficialismo coincidieran al se\u00f1alar que se trata de una jugada medi\u00e1tica. Analistas aseguran que estas demandas son pol\u00edticas y su cumplimiento no depende s\u00f3lo del Gobierno.<\/p>\n\n\n\n<p>La postura del asamble\u00edsta por el MAS en Cochabamba Sergio de la Zerda, es que<em> \u201cno se debe tomar en cuenta las disparatadas posturas de un pr\u00f3fugo de la justicia boliviana\u201d <\/em>que tiene cuentas pendientes con el Estado y est\u00e1 detenido en Estados Unidos por lavado de dinero y sobornos.<\/p>\n\n\n\n<p>El abogado constitucionalista C\u00e9sar Cabrera dijo:<em> \u201cSi ingresamos en eso que diariamente el Gobierno se\u00f1ala que la justicia es independiente, imparcial y que no se entrometen, un juez tendr\u00eda que ser quien decida si (\u00c1\u00f1ez) se va a defender en libertad\u201d.<\/em><\/p>\n\n\n\n<p><em>\u201cLo interesante de la carta es que Murillo, delincuente y criminal pr\u00f3fugo de la justicia boliviana, ratifica dos certezas que ahora la derecha no acepta. Primero, que el r\u00e9gimen de facto sab\u00eda que ten\u00eda cuentas pendientes, por eso huy\u00f3 antes del cambio de gobierno y, como ahora lo revela, pidi\u00f3 a \u00c1\u00f1ez que haga lo mismo\u201d<\/em>, dijo el asamble\u00edsta por el MAS en Cochabamba Sergio de la Zerda.<\/p>\n\n\n\n<p>Gustavo Aliaga, diputado de Comunidad Ciudadana (CC), explic\u00f3 que esa misiva, en caso de ser verificada como real, es una declaraci\u00f3n pol\u00edtica que ning\u00fan preso puede realizar.<\/p>\n","protected":false},"excerpt":{"rendered":"<p>El ofrecimiento de \u201cintercambio de prisioneros\u201d realizado por Arturo Murillo hizo que oposici\u00f3n y oficialismo coincidieran al se\u00f1alar que se trata de una jugada medi\u00e1tica. Analistas aseguran que estas demandas son pol\u00edticas y su cumplimiento no depende s\u00f3lo del Gobierno. La postura del asamble\u00edsta por el MAS en Cochabamba Sergio de la Zerda, es que \u201cno se debe tomar en cuenta las disparatadas posturas de un pr\u00f3fugo de la justicia boliviana\u201d que tiene cuentas pendientes con el Estado y est\u00e1 detenido en Estados Unidos por lavado de dinero y sobornos. El abogado constitucionalista C\u00e9sar Cabrera dijo: \u201cSi ingresamos en eso<\/p>\n","protected":false},"author":2,"featured_media":21872,"comment_status":"closed","ping_status":"open","sticky":false,"template":"","format":"standard","meta":{"_seopress_robots_primary_cat":"none","_seopress_titles_title":"","_seopress_titles_desc":"","_seopress_robots_index":"","_jetpack_memberships_contains_paid_content":false,"footnotes":""},"categories":[103],"tags":[240,109,1689,628,1690],"class_list":["post-21869","post","type-post","status-publish","format-standard","has-post-thumbnail","hentry","category-nacional","tag-arturo-murillo","tag-bolivia","tag-intercambio-de-prisioneros","tag-mas","tag-sergio-de-la-zerda"],"jetpack_featured_media_url":"https:\/\/elradar.info\/wp-content\/uploads\/2022\/05\/murillo-anez-apg.jpg","jetpack_sharing_enabled":true,"amp_enabled":true,"_links":{"self":[{"href":"https:\/\/elradar.info\/index.php?rest_route=\/wp\/v2\/posts\/21869","targetHints":{"allow":["GET"]}}],"collection":[{"href":"https:\/\/elradar.info\/index.php?rest_route=\/wp\/v2\/posts"}],"about":[{"href":"https:\/\/elradar.info\/index.php?rest_route=\/wp\/v2\/types\/post"}],"author":[{"embeddable":true,"href":"https:\/\/elradar.info\/index.php?rest_route=\/wp\/v2\/users\/2"}],"replies":[{"embeddable":true,"href":"https:\/\/elradar.info\/index.php?rest_route=%2Fwp%2Fv2%2Fcomments&post=21869"}],"version-history":[{"count":1,"href":"https:\/\/elradar.info\/index.php?rest_route=\/wp\/v2\/posts\/21869\/revisions"}],"predecessor-version":[{"id":21873,"href":"https:\/\/elradar.info\/index.php?rest_route=\/wp\/v2\/posts\/21869\/revisions\/21873"}],"wp:featuredmedia":[{"embeddable":true,"href":"https:\/\/elradar.info\/index.php?rest_route=\/wp\/v2\/media\/21872"}],"wp:attachment":[{"href":"https:\/\/elradar.info\/index.php?rest_route=%2Fwp%2Fv2%2Fmedia&parent=21869"}],"wp:term":[{"taxonomy":"category","embeddable":true,"href":"https:\/\/elradar.info\/index.php?rest_route=%2Fwp%2Fv2%2Fcategories&post=21869"},{"taxonomy":"post_tag","embeddable":true,"href":"https:\/\/elradar.info\/index.php?rest_route=%2Fwp%2Fv2%2Ftags&post=21869"}],"curies":[{"name":"wp","href":"https:\/\/api.w.org\/{rel}","templated":true}]}}