{"id":21889,"date":"2022-05-05T12:20:58","date_gmt":"2022-05-05T16:20:58","guid":{"rendered":"http:\/\/elradar.info\/?p=21889"},"modified":"2024-02-01T12:19:42","modified_gmt":"2024-02-01T16:19:42","slug":"luego-de-una-conflictiva-eleccion-se-publican-los-nombres-de-la-nueva-directiva-del-concejo-municipal-de-la-paz","status":"publish","type":"post","link":"https:\/\/elradar.info\/?p=21889","title":{"rendered":"<strong>Luego de una conflictiva elecci\u00f3n, se publican los nombres de la nueva directiva del Concejo Municipal de La Paz<\/strong>"},"content":{"rendered":"\n<p>Ante los conflictos acaecidos el d\u00eda de ayer, durante la elecci\u00f3n del nuevo directorio del Concejo Municipal de La Paz, la alianza \u201cPor el bien com\u00fan somos pueblo\u201d, dio a conocer hoy un documento resolutivo conteniendo los siguientes puntos:<\/p>\n\n\n\n<p>1. Reafirmar su unidad para asumir los retos pol\u00edticos que derivan de su participaci\u00f3n democr\u00e1tica en el Gobierno Aut\u00f3nomo Municipal de La Paz.<\/p>\n\n\n\n<p>2. Respetar las decisiones org\u00e1nicas de la bancada del Concejo y del Directorio de la alianza \u201cPOR EL BIEN COM\u00daN, SOMOS PUEBLO\u201d.<\/p>\n\n\n\n<p>3. Promover leyes y normas de gesti\u00f3n y fiscalizaci\u00f3n que contribuyan a una mayor y mejor respuesta a las necesidades del pueblo pace\u00f1o.<\/p>\n\n\n\n<p>4. Rechazar enf\u00e1ticamente la ilegal y flagrante actitud de la bancada del MAS-IPSP para dar un golpe al voto ciudadano y a la decisi\u00f3n del soberano.<\/p>\n\n\n\n<p>5. Aprobar la lista de candidaturas para la Directiva y Comisiones permanentes, que forman parte anexa e indisoluble de la presente Resoluci\u00f3n, para el Concejo Municipal de La Paz para la gesti\u00f3n 2022-2023.<\/p>\n\n\n\n<p>En este entendido eligieron a Yelka Maric Palenque como presidenta, a Javier Escalier como vicepresidente, y a \u00d3scar Sogliano como secretario del Concejo, elecci\u00f3n que dieron conocer a los medios de comunicaci\u00f3n y tambi\u00e9n a trav\u00e9s de su cuenta de Twitter:<\/p>\n\n\n\n<p><em>#Ahora | El #ConcejoMunicipalDeLaPaz, en cumplimiento a su Reglamento Interno, elige a la directiva 2022 &#8211; 2023 la cual est\u00e1 conformada por #YelkaMaric como Presidenta, #JavierEscalier como Vicepresidente y #\u00d3scarSogliano como Secretario.<\/em><\/p>\n\n\n\n<p><em>#TodosPorLaPaz<\/em><\/p>\n\n\n\n<p><em>#ElConcejoDeLaGente<\/em><\/p>\n","protected":false},"excerpt":{"rendered":"<p>Ante los conflictos acaecidos el d\u00eda de ayer, durante la elecci\u00f3n del nuevo directorio del Concejo Municipal de La Paz, la alianza \u201cPor el bien com\u00fan somos pueblo\u201d, dio a conocer hoy un documento resolutivo conteniendo los siguientes puntos: 1. Reafirmar su unidad para asumir los retos pol\u00edticos que derivan de su participaci\u00f3n democr\u00e1tica en el Gobierno Aut\u00f3nomo Municipal de La Paz. 2. Respetar las decisiones org\u00e1nicas de la bancada del Concejo y del Directorio de la alianza \u201cPOR EL BIEN COM\u00daN, SOMOS PUEBLO\u201d. 3. Promover leyes y normas de gesti\u00f3n y fiscalizaci\u00f3n que contribuyan a una mayor y mejor<\/p>\n","protected":false},"author":2,"featured_media":21892,"comment_status":"closed","ping_status":"open","sticky":false,"template":"","format":"standard","meta":{"_seopress_robots_primary_cat":"none","_seopress_titles_title":"","_seopress_titles_desc":"","_seopress_robots_index":"","_jetpack_memberships_contains_paid_content":false,"footnotes":""},"categories":[103],"tags":[109,594,1702,293,1701],"class_list":["post-21889","post","type-post","status-publish","format-standard","has-post-thumbnail","hentry","category-nacional","tag-bolivia","tag-concejo-municipal-de-la-paz","tag-conflictiva-eleccion","tag-la-paz","tag-nueva-directiva"],"jetpack_featured_media_url":"https:\/\/elradar.info\/wp-content\/uploads\/2022\/05\/280044037_379371390904681_1194497181243634180_n.png","jetpack_sharing_enabled":true,"amp_enabled":true,"_links":{"self":[{"href":"https:\/\/elradar.info\/index.php?rest_route=\/wp\/v2\/posts\/21889","targetHints":{"allow":["GET"]}}],"collection":[{"href":"https:\/\/elradar.info\/index.php?rest_route=\/wp\/v2\/posts"}],"about":[{"href":"https:\/\/elradar.info\/index.php?rest_route=\/wp\/v2\/types\/post"}],"author":[{"embeddable":true,"href":"https:\/\/elradar.info\/index.php?rest_route=\/wp\/v2\/users\/2"}],"replies":[{"embeddable":true,"href":"https:\/\/elradar.info\/index.php?rest_route=%2Fwp%2Fv2%2Fcomments&post=21889"}],"version-history":[{"count":1,"href":"https:\/\/elradar.info\/index.php?rest_route=\/wp\/v2\/posts\/21889\/revisions"}],"predecessor-version":[{"id":21893,"href":"https:\/\/elradar.info\/index.php?rest_route=\/wp\/v2\/posts\/21889\/revisions\/21893"}],"wp:featuredmedia":[{"embeddable":true,"href":"https:\/\/elradar.info\/index.php?rest_route=\/wp\/v2\/media\/21892"}],"wp:attachment":[{"href":"https:\/\/elradar.info\/index.php?rest_route=%2Fwp%2Fv2%2Fmedia&parent=21889"}],"wp:term":[{"taxonomy":"category","embeddable":true,"href":"https:\/\/elradar.info\/index.php?rest_route=%2Fwp%2Fv2%2Fcategories&post=21889"},{"taxonomy":"post_tag","embeddable":true,"href":"https:\/\/elradar.info\/index.php?rest_route=%2Fwp%2Fv2%2Ftags&post=21889"}],"curies":[{"name":"wp","href":"https:\/\/api.w.org\/{rel}","templated":true}]}}