{"id":21910,"date":"2022-05-05T12:56:11","date_gmt":"2022-05-05T16:56:11","guid":{"rendered":"http:\/\/elradar.info\/?p=21910"},"modified":"2024-02-01T12:19:41","modified_gmt":"2024-02-01T16:19:41","slug":"luis-arce-pide-que-todos-los-paises-sean-invitados-a-la-ix-cumbre-de-las-americas-sin-exclusiones","status":"publish","type":"post","link":"https:\/\/elradar.info\/?p=21910","title":{"rendered":"<strong>Luis Arce pide que todos los pa\u00edses sean invitados a la IX Cumbre de las Am\u00e9ricas, sin exclusiones&nbsp;<\/strong>"},"content":{"rendered":"\n<p>Ante el anuncio de Washington, sobre vetar a Cuba, Venezuela y Nicaragua de la pr\u00f3xima Cumbre de las Am\u00e9ricas, el presidente del Estado Plurinacional de Bolivia, Luis Arce Catacora, public\u00f3 el siguiente texto a trav\u00e9s de sus redes sociales:<\/p>\n\n\n\n<p>\u201c<em>La IX Cumbre de las Am\u00e9ricas plantea \u2018Construir un futuro sostenible, resiliente y equitativo\u2019, reto que no se materializar\u00e1 si se desconoce el pluralismo, se ignora el principio de autodeterminaci\u00f3n y se veta la participaci\u00f3n de pa\u00edses hermanos.<\/em><\/p>\n\n\n\n<p><em>Todos los pa\u00edses que formamos parte de este gran continente somos americanos, y lo somos en nuestras semejanzas y en nuestras diferencias, por lo que no hay raz\u00f3n alguna que justifique la exclusi\u00f3n de los pueblos y las voces en Nuestra Am\u00e9rica.<\/em><\/p>\n\n\n\n<p><em>Consecuentes con nuestros principios y valores, desde el Estado Plurinacional de Bolivia, exhortamos a que todos los pa\u00edses de Am\u00e9rica sean invitados a la Cumbre, fortaleciendo el di\u00e1logo y la integraci\u00f3n regional basada en el respeto a la dignidad y soberan\u00eda de los pueblos<\/em>\u201d.<\/p>\n\n\n\n<p>Las Cumbres de las Am\u00e9ricas son reuniones de jefes de Estado de los pa\u00edses de Am\u00e9rica, las mismas se llevan a cabo desde 1994 y tratan temas diplom\u00e1ticos y comerciales de importancia a nivel continental.<\/p>\n","protected":false},"excerpt":{"rendered":"<p>Ante el anuncio de Washington, sobre vetar a Cuba, Venezuela y Nicaragua de la pr\u00f3xima Cumbre de las Am\u00e9ricas, el presidente del Estado Plurinacional de Bolivia, Luis Arce Catacora, public\u00f3 el siguiente texto a trav\u00e9s de sus redes sociales: \u201cLa IX Cumbre de las Am\u00e9ricas plantea \u2018Construir un futuro sostenible, resiliente y equitativo\u2019, reto que no se materializar\u00e1 si se desconoce el pluralismo, se ignora el principio de autodeterminaci\u00f3n y se veta la participaci\u00f3n de pa\u00edses hermanos. Todos los pa\u00edses que formamos parte de este gran continente somos americanos, y lo somos en nuestras semejanzas y en nuestras diferencias, por<\/p>\n","protected":false},"author":2,"featured_media":21913,"comment_status":"closed","ping_status":"open","sticky":false,"template":"","format":"standard","meta":{"_seopress_robots_primary_cat":"none","_seopress_titles_title":"","_seopress_titles_desc":"","_seopress_robots_index":"","_jetpack_memberships_contains_paid_content":false,"footnotes":""},"categories":[103],"tags":[109,1704,132],"class_list":["post-21910","post","type-post","status-publish","format-standard","has-post-thumbnail","hentry","category-nacional","tag-bolivia","tag-ix-cumbre-de-las-americas","tag-luis-arce"],"jetpack_featured_media_url":"https:\/\/elradar.info\/wp-content\/uploads\/2022\/05\/280063926_527564512156478_8216331885464267115_n.jpg","jetpack_sharing_enabled":true,"amp_enabled":true,"_links":{"self":[{"href":"https:\/\/elradar.info\/index.php?rest_route=\/wp\/v2\/posts\/21910","targetHints":{"allow":["GET"]}}],"collection":[{"href":"https:\/\/elradar.info\/index.php?rest_route=\/wp\/v2\/posts"}],"about":[{"href":"https:\/\/elradar.info\/index.php?rest_route=\/wp\/v2\/types\/post"}],"author":[{"embeddable":true,"href":"https:\/\/elradar.info\/index.php?rest_route=\/wp\/v2\/users\/2"}],"replies":[{"embeddable":true,"href":"https:\/\/elradar.info\/index.php?rest_route=%2Fwp%2Fv2%2Fcomments&post=21910"}],"version-history":[{"count":1,"href":"https:\/\/elradar.info\/index.php?rest_route=\/wp\/v2\/posts\/21910\/revisions"}],"predecessor-version":[{"id":21914,"href":"https:\/\/elradar.info\/index.php?rest_route=\/wp\/v2\/posts\/21910\/revisions\/21914"}],"wp:featuredmedia":[{"embeddable":true,"href":"https:\/\/elradar.info\/index.php?rest_route=\/wp\/v2\/media\/21913"}],"wp:attachment":[{"href":"https:\/\/elradar.info\/index.php?rest_route=%2Fwp%2Fv2%2Fmedia&parent=21910"}],"wp:term":[{"taxonomy":"category","embeddable":true,"href":"https:\/\/elradar.info\/index.php?rest_route=%2Fwp%2Fv2%2Fcategories&post=21910"},{"taxonomy":"post_tag","embeddable":true,"href":"https:\/\/elradar.info\/index.php?rest_route=%2Fwp%2Fv2%2Ftags&post=21910"}],"curies":[{"name":"wp","href":"https:\/\/api.w.org\/{rel}","templated":true}]}}