{"id":21916,"date":"2022-05-05T15:53:51","date_gmt":"2022-05-05T19:53:51","guid":{"rendered":"http:\/\/elradar.info\/?p=21916"},"modified":"2024-02-01T12:19:41","modified_gmt":"2024-02-01T16:19:41","slug":"jose-luis-martinez-es-el-nuevo-gerente-de-la-caja-nacional-de-salud","status":"publish","type":"post","link":"https:\/\/elradar.info\/?p=21916","title":{"rendered":"<strong>Jos\u00e9 Luis Mart\u00ednez es el nuevo gerente de la Caja Nacional de Salud<\/strong>"},"content":{"rendered":"\n<p>El doctor Jos\u00e9 Luis Mart\u00ednez fue posesionado este jueves como nuevo gerente de la Caja Nacional de Salud (CNS). La autoridad agradeci\u00f3 la confianza y afirm\u00f3 que responder\u00e1 con la mayor responsabilidad, visi\u00f3n y humildad.<\/p>\n\n\n\n<p><em>\u201cLa misi\u00f3n es clara, los asegurados y aseguradas tienen necesidades y la Caja tiene los recursos suficientes para responder a estas. Creemos que toda esta problem\u00e1tica debe ser enfrentada con una planificaci\u00f3n integral que incluya la participaci\u00f3n activa de todos, incluidos los sindicatos\u201d<\/em>, afirm\u00f3 Mart\u00ednez, tras ser posesionado por el ministro de Salud y Deportes, Jeyson Auza.<\/p>\n\n\n\n<p>Se\u00f1al\u00f3 la necesidad de conformar mesas t\u00e9cnicas para resolver diferentes problem\u00e1ticas que atraviesa la instituci\u00f3n y la elaboraci\u00f3n de un plan de contingencia para la atenci\u00f3n de COVID-19.<\/p>\n","protected":false},"excerpt":{"rendered":"<p>El doctor Jos\u00e9 Luis Mart\u00ednez fue posesionado este jueves como nuevo gerente de la Caja Nacional de Salud (CNS). La autoridad agradeci\u00f3 la confianza y afirm\u00f3 que responder\u00e1 con la mayor responsabilidad, visi\u00f3n y humildad. \u201cLa misi\u00f3n es clara, los asegurados y aseguradas tienen necesidades y la Caja tiene los recursos suficientes para responder a estas. Creemos que toda esta problem\u00e1tica debe ser enfrentada con una planificaci\u00f3n integral que incluya la participaci\u00f3n activa de todos, incluidos los sindicatos\u201d, afirm\u00f3 Mart\u00ednez, tras ser posesionado por el ministro de Salud y Deportes, Jeyson Auza. Se\u00f1al\u00f3 la necesidad de conformar mesas t\u00e9cnicas para<\/p>\n","protected":false},"author":2,"featured_media":21919,"comment_status":"closed","ping_status":"open","sticky":false,"template":"","format":"standard","meta":{"_seopress_robots_primary_cat":"none","_seopress_titles_title":"","_seopress_titles_desc":"","_seopress_robots_index":"","_jetpack_memberships_contains_paid_content":false,"footnotes":""},"categories":[103,201],"tags":[109,1476,252,1705,398,451],"class_list":["post-21916","post","type-post","status-publish","format-standard","has-post-thumbnail","hentry","category-nacional","category-salud","tag-bolivia","tag-caja-nacional-de-salud","tag-jeyson-auza","tag-jose-luis-martinez","tag-ministerio-de-salud-y-deportes","tag-posesion"],"jetpack_featured_media_url":"https:\/\/elradar.info\/wp-content\/uploads\/2022\/05\/279646359_371607521676202_3341985517523366184_n.jpg","jetpack_sharing_enabled":true,"amp_enabled":true,"_links":{"self":[{"href":"https:\/\/elradar.info\/index.php?rest_route=\/wp\/v2\/posts\/21916","targetHints":{"allow":["GET"]}}],"collection":[{"href":"https:\/\/elradar.info\/index.php?rest_route=\/wp\/v2\/posts"}],"about":[{"href":"https:\/\/elradar.info\/index.php?rest_route=\/wp\/v2\/types\/post"}],"author":[{"embeddable":true,"href":"https:\/\/elradar.info\/index.php?rest_route=\/wp\/v2\/users\/2"}],"replies":[{"embeddable":true,"href":"https:\/\/elradar.info\/index.php?rest_route=%2Fwp%2Fv2%2Fcomments&post=21916"}],"version-history":[{"count":1,"href":"https:\/\/elradar.info\/index.php?rest_route=\/wp\/v2\/posts\/21916\/revisions"}],"predecessor-version":[{"id":21920,"href":"https:\/\/elradar.info\/index.php?rest_route=\/wp\/v2\/posts\/21916\/revisions\/21920"}],"wp:featuredmedia":[{"embeddable":true,"href":"https:\/\/elradar.info\/index.php?rest_route=\/wp\/v2\/media\/21919"}],"wp:attachment":[{"href":"https:\/\/elradar.info\/index.php?rest_route=%2Fwp%2Fv2%2Fmedia&parent=21916"}],"wp:term":[{"taxonomy":"category","embeddable":true,"href":"https:\/\/elradar.info\/index.php?rest_route=%2Fwp%2Fv2%2Fcategories&post=21916"},{"taxonomy":"post_tag","embeddable":true,"href":"https:\/\/elradar.info\/index.php?rest_route=%2Fwp%2Fv2%2Ftags&post=21916"}],"curies":[{"name":"wp","href":"https:\/\/api.w.org\/{rel}","templated":true}]}}