{"id":22050,"date":"2022-05-09T15:30:37","date_gmt":"2022-05-09T19:30:37","guid":{"rendered":"http:\/\/elradar.info\/?p=22050"},"modified":"2024-02-01T12:19:40","modified_gmt":"2024-02-01T16:19:40","slug":"actualizacion-sobre-los-lamentables-sucesos-en-la-asamblea-de-la-universidad-tomas-frias","status":"publish","type":"post","link":"https:\/\/elradar.info\/?p=22050","title":{"rendered":"Actualizaci\u00f3n sobre los lamentables sucesos en la asamblea de la\u00a0Universidad Tom\u00e1s Fr\u00edas"},"content":{"rendered":"\n<p><\/p>\n\n\n\n<p>En horas de la ma\u00f1ana, durante una asamblea estudiantil de la Universidad Tom\u00e1s Fr\u00edas, en la que se pretend\u00eda elegir a los nuevos miembros de la Federaci\u00f3n Universitaria Local (FUL), se deton\u00f3 una bomba de gas lacrim\u00f3geno que ocasion\u00f3 una estampida que caus\u00f3 varios muertos y decenas de heridos.<\/p>\n\n\n\n<p>Poco tiempo despu\u00e9s de esta tragedia, el ministro de gobierno, Eduardo Del Castillo, inform\u00f3 a los medios de comunicaci\u00f3n:<\/p>\n\n\n\n<p>\u201c<em>Actualmente se encuentran heridas m\u00e1s de sesenta personas, y quienes habr\u00edan perdido la vida ser\u00edan personas que a\u00fan no han sido plenamente identificadas, excepto una, que corresponde al nombre de Rayza Vania Colque, de 23 a\u00f1os de edad, una estudiante de ingenier\u00eda civil (\u2026) ya tenemos a la primera persona sospechosa de haber arrojado estos agentes qu\u00edmicos al interior del congreso o asamblea que se estaba desarrollando en el departamento de Potos\u00ed. Tenemos las iniciales del mismo, no queremos adelantar a dar nombre para evitar que esta persona se fugue del territorio potosino<\/em>\u201d, declar\u00f3.<\/p>\n\n\n\n<p>Del Castillo, haciendo eco del sentir de muchos bolivianos respecto a ese lamentable hecho, public\u00f3 a trav\u00e9s de sus redes sociales:<\/p>\n\n\n\n<p>\u201c<em>Definitivamente nos sentimos acongojados por lo sucedido en la universidad en #Potos\u00ed.&nbsp;<\/em><\/p>\n\n\n\n<p><em>Como alguien que defiende la autonom\u00eda universitaria y la democracia estudiantil, y que fui parte del sistema universitario, tanto como discente, docente y como dirigente manifiesto mi solidaridad con todas las familias de las v\u00edctimas de estos lamentables hechos, como Gobierno Nacional haremos todas las investigaciones necesarias y les aseguramos que haremos justicia.&nbsp;<\/em><\/p>\n\n\n\n<p><em>Hoy el pueblo boliviano y la juventud universitaria se encuentran de luto<\/em>\u201d.<\/p>\n","protected":false},"excerpt":{"rendered":"<p>En horas de la ma\u00f1ana, durante una asamblea estudiantil de la Universidad Tom\u00e1s Fr\u00edas, en la que se pretend\u00eda elegir a los nuevos miembros de la Federaci\u00f3n Universitaria Local (FUL), se deton\u00f3 una bomba de gas lacrim\u00f3geno que ocasion\u00f3 una estampida que caus\u00f3 varios muertos y decenas de heridos. Poco tiempo despu\u00e9s de esta tragedia, el ministro de gobierno, Eduardo Del Castillo, inform\u00f3 a los medios de comunicaci\u00f3n: \u201cActualmente se encuentran heridas m\u00e1s de sesenta personas, y quienes habr\u00edan perdido la vida ser\u00edan personas que a\u00fan no han sido plenamente identificadas, excepto una, que corresponde al nombre de Rayza Vania<\/p>\n","protected":false},"author":2,"featured_media":22053,"comment_status":"closed","ping_status":"open","sticky":false,"template":"","format":"standard","meta":{"_seopress_robots_primary_cat":"none","_seopress_titles_title":"","_seopress_titles_desc":"","_seopress_robots_index":"","_jetpack_memberships_contains_paid_content":false,"footnotes":""},"categories":[103],"tags":[109,129,1773,878,1752],"class_list":["post-22050","post","type-post","status-publish","format-standard","has-post-thumbnail","hentry","category-nacional","tag-bolivia","tag-eduardo-del-castillo","tag-federacion-universitaria-local","tag-potosi","tag-universidad-tomas-frias"],"jetpack_featured_media_url":"https:\/\/elradar.info\/wp-content\/uploads\/2022\/05\/f1280x720-394933_526608_5050.jpeg","jetpack_sharing_enabled":true,"amp_enabled":true,"_links":{"self":[{"href":"https:\/\/elradar.info\/index.php?rest_route=\/wp\/v2\/posts\/22050","targetHints":{"allow":["GET"]}}],"collection":[{"href":"https:\/\/elradar.info\/index.php?rest_route=\/wp\/v2\/posts"}],"about":[{"href":"https:\/\/elradar.info\/index.php?rest_route=\/wp\/v2\/types\/post"}],"author":[{"embeddable":true,"href":"https:\/\/elradar.info\/index.php?rest_route=\/wp\/v2\/users\/2"}],"replies":[{"embeddable":true,"href":"https:\/\/elradar.info\/index.php?rest_route=%2Fwp%2Fv2%2Fcomments&post=22050"}],"version-history":[{"count":1,"href":"https:\/\/elradar.info\/index.php?rest_route=\/wp\/v2\/posts\/22050\/revisions"}],"predecessor-version":[{"id":22054,"href":"https:\/\/elradar.info\/index.php?rest_route=\/wp\/v2\/posts\/22050\/revisions\/22054"}],"wp:featuredmedia":[{"embeddable":true,"href":"https:\/\/elradar.info\/index.php?rest_route=\/wp\/v2\/media\/22053"}],"wp:attachment":[{"href":"https:\/\/elradar.info\/index.php?rest_route=%2Fwp%2Fv2%2Fmedia&parent=22050"}],"wp:term":[{"taxonomy":"category","embeddable":true,"href":"https:\/\/elradar.info\/index.php?rest_route=%2Fwp%2Fv2%2Fcategories&post=22050"},{"taxonomy":"post_tag","embeddable":true,"href":"https:\/\/elradar.info\/index.php?rest_route=%2Fwp%2Fv2%2Ftags&post=22050"}],"curies":[{"name":"wp","href":"https:\/\/api.w.org\/{rel}","templated":true}]}}