{"id":22073,"date":"2022-05-10T09:55:33","date_gmt":"2022-05-10T13:55:33","guid":{"rendered":"http:\/\/elradar.info\/?p=22073"},"modified":"2024-02-01T12:19:40","modified_gmt":"2024-02-01T16:19:40","slug":"anuncian-sanciones-contra-quienes-especulen-con-el-precio-de-la-carne","status":"publish","type":"post","link":"https:\/\/elradar.info\/?p=22073","title":{"rendered":"<strong>Anuncian sanciones contra quienes especulen con el precio de la carne<\/strong>"},"content":{"rendered":"\n<p>El viceministro de defensa al Consumidor, Jorge Silva, indic\u00f3 que se sancionar\u00e1 a empresarios o productores que cometan agio y especulaci\u00f3n en el precio de las carnes de pollo y cerdo. <em>&#8220;Se har\u00e1n operativos conjuntos entre la Polic\u00eda boliviana, el Senasag y el Ministerio de Desarrollo Productivo para evitar que se oculte el ma\u00edz&#8221;<\/em>, se\u00f1al\u00f3.<\/p>\n\n\n\n<p>Denunci\u00f3 que los grandes productores tienen una intencionalidad pol\u00edtica, al igual que el 2018, para introducir y sacar ma\u00edz del pa\u00eds dejando desabastecido el mercado.<\/p>\n\n\n\n<p>Por su parte el gerente de Emapa, Franklin Flores, dijo que <em>\u201cse increment\u00f3 la entrega de ma\u00edz de 30 a 58 toneladas al sector avicultor y de 30 a 45 toneladas al sector porcinocultor con la finalidad de que ellos mantengan el precio estable de la carne de pollo y cerdo\u201d<\/em>.<\/p>\n","protected":false},"excerpt":{"rendered":"<p>El viceministro de defensa al Consumidor, Jorge Silva, indic\u00f3 que se sancionar\u00e1 a empresarios o productores que cometan agio y especulaci\u00f3n en el precio de las carnes de pollo y cerdo. &#8220;Se har\u00e1n operativos conjuntos entre la Polic\u00eda boliviana, el Senasag y el Ministerio de Desarrollo Productivo para evitar que se oculte el ma\u00edz&#8221;, se\u00f1al\u00f3. Denunci\u00f3 que los grandes productores tienen una intencionalidad pol\u00edtica, al igual que el 2018, para introducir y sacar ma\u00edz del pa\u00eds dejando desabastecido el mercado. Por su parte el gerente de Emapa, Franklin Flores, dijo que \u201cse increment\u00f3 la entrega de ma\u00edz de 30 a<\/p>\n","protected":false},"author":2,"featured_media":22076,"comment_status":"closed","ping_status":"open","sticky":false,"template":"","format":"standard","meta":{"_seopress_robots_primary_cat":"none","_seopress_titles_title":"","_seopress_titles_desc":"","_seopress_robots_index":"","_jetpack_memberships_contains_paid_content":false,"footnotes":""},"categories":[200,103],"tags":[109,443,444,1032,1721],"class_list":["post-22073","post","type-post","status-publish","format-standard","has-post-thumbnail","hentry","category-economia","category-nacional","tag-bolivia","tag-emapa","tag-franklin-flores","tag-jorge-silva","tag-viceministerio-de-defensa-al-consumidor"],"jetpack_featured_media_url":"https:\/\/elradar.info\/wp-content\/uploads\/2022\/05\/2021102701224640034.jpg","jetpack_sharing_enabled":true,"amp_enabled":true,"_links":{"self":[{"href":"https:\/\/elradar.info\/index.php?rest_route=\/wp\/v2\/posts\/22073","targetHints":{"allow":["GET"]}}],"collection":[{"href":"https:\/\/elradar.info\/index.php?rest_route=\/wp\/v2\/posts"}],"about":[{"href":"https:\/\/elradar.info\/index.php?rest_route=\/wp\/v2\/types\/post"}],"author":[{"embeddable":true,"href":"https:\/\/elradar.info\/index.php?rest_route=\/wp\/v2\/users\/2"}],"replies":[{"embeddable":true,"href":"https:\/\/elradar.info\/index.php?rest_route=%2Fwp%2Fv2%2Fcomments&post=22073"}],"version-history":[{"count":1,"href":"https:\/\/elradar.info\/index.php?rest_route=\/wp\/v2\/posts\/22073\/revisions"}],"predecessor-version":[{"id":22077,"href":"https:\/\/elradar.info\/index.php?rest_route=\/wp\/v2\/posts\/22073\/revisions\/22077"}],"wp:featuredmedia":[{"embeddable":true,"href":"https:\/\/elradar.info\/index.php?rest_route=\/wp\/v2\/media\/22076"}],"wp:attachment":[{"href":"https:\/\/elradar.info\/index.php?rest_route=%2Fwp%2Fv2%2Fmedia&parent=22073"}],"wp:term":[{"taxonomy":"category","embeddable":true,"href":"https:\/\/elradar.info\/index.php?rest_route=%2Fwp%2Fv2%2Fcategories&post=22073"},{"taxonomy":"post_tag","embeddable":true,"href":"https:\/\/elradar.info\/index.php?rest_route=%2Fwp%2Fv2%2Ftags&post=22073"}],"curies":[{"name":"wp","href":"https:\/\/api.w.org\/{rel}","templated":true}]}}