{"id":22130,"date":"2022-05-11T10:11:03","date_gmt":"2022-05-11T14:11:03","guid":{"rendered":"http:\/\/elradar.info\/?p=22130"},"modified":"2024-02-01T12:19:39","modified_gmt":"2024-02-01T16:19:39","slug":"el-ministro-remmy-gonzales-culpa-a-empresarios-y-grandes-productores-de-querer-introducir-transgenicos-en-el-pais","status":"publish","type":"post","link":"https:\/\/elradar.info\/?p=22130","title":{"rendered":"<strong>El ministro Remmy Gonzales culpa a empresarios y grandes productores de querer introducir transg\u00e9nicos en el pa\u00eds<\/strong>"},"content":{"rendered":"\n<p>En declaraciones a los medios de comunicaci\u00f3n, el ministro de Desarrollo Rural y Tierras, Remmy Gonzales, insinu\u00f3 que los grandes productores y empresarios buscan crear un escenario de escasez y d\u00e9ficit en la producci\u00f3n y abastecimiento de ma\u00edz, para forzar al Gobierno nacional a aprobar el uso de transg\u00e9nicos en el pa\u00eds:<\/p>\n\n\n\n<p><em>\u201cLo que no est\u00e1 permitido son los transg\u00e9nicos; la constituci\u00f3n establece claramente que el uso de transg\u00e9nicos ser\u00e1 regulado mediante ley, esto no se ha dado todav\u00eda y tampoco se dar\u00e1 como pide el sector empresarial, ya sea por decreto o cualquier otra medida, ni mucho menos cuando estamos demostrando que no hay escasez de ma\u00edz\u201d<\/em>, explic\u00f3.<\/p>\n\n\n\n<p>Los rumores acerca de la escasez de ma\u00edz, en este caso impulsados por los empresarios, fueron los que llevaron al gobierno <em>de facto<\/em> de Jeanine \u00c1\u00f1ez a firmar el Decreto Supremo 4348 para la identificaci\u00f3n de \u00e1reas para el uso de semillas transg\u00e9nicas de ma\u00edz, con lo que se dar\u00eda un nuevo paso en la incursi\u00f3n del uso de semillas gen\u00e9ticamente modificadas, sin consulta previa.<\/p>\n\n\n\n<p>Con otro Decreto, el 4232, tambi\u00e9n se daba v\u00eda libre para que a Bolivia ingresaran semillas transg\u00e9nicas de ma\u00edz, ca\u00f1a de az\u00facar, algod\u00f3n, trigo y soya. Este Decreto, en su momento, gener\u00f3 protestas de m\u00e1s de 100 instituciones, entidades, colectivos y organizaciones de la sociedad civil que se pronunciaron en contra de la norma, al considerar que la misma violaba la Constituci\u00f3n Pol\u00edtica del Estado, adem\u00e1s de otras leyes bolivianas y acuerdos internacionales.<\/p>\n\n\n\n<p>Ya que el uso de transg\u00e9nicos se ha puesto en cuesti\u00f3n, el ministro Gonz\u00e1les recalc\u00f3:<\/p>\n\n\n\n<p>\u201c<em>Hay ma\u00edz suficiente para abastecer la demanda interna, el consumo es menor a lo que se produce, solo hay agio, ocultamiento del producto y especulaci\u00f3n por los grandes empresarios y productores<\/em>\u201d.<\/p>\n","protected":false},"excerpt":{"rendered":"<p>En declaraciones a los medios de comunicaci\u00f3n, el ministro de Desarrollo Rural y Tierras, Remmy Gonzales, insinu\u00f3 que los grandes productores y empresarios buscan crear un escenario de escasez y d\u00e9ficit en la producci\u00f3n y abastecimiento de ma\u00edz, para forzar al Gobierno nacional a aprobar el uso de transg\u00e9nicos en el pa\u00eds: \u201cLo que no est\u00e1 permitido son los transg\u00e9nicos; la constituci\u00f3n establece claramente que el uso de transg\u00e9nicos ser\u00e1 regulado mediante ley, esto no se ha dado todav\u00eda y tampoco se dar\u00e1 como pide el sector empresarial, ya sea por decreto o cualquier otra medida, ni mucho menos cuando<\/p>\n","protected":false},"author":2,"featured_media":22133,"comment_status":"closed","ping_status":"open","sticky":false,"template":"","format":"standard","meta":{"_seopress_robots_primary_cat":"none","_seopress_titles_title":"","_seopress_titles_desc":"","_seopress_robots_index":"","_jetpack_memberships_contains_paid_content":false,"footnotes":""},"categories":[103],"tags":[109,1380,1800,1801],"class_list":["post-22130","post","type-post","status-publish","format-standard","has-post-thumbnail","hentry","category-nacional","tag-bolivia","tag-ministerio-de-desarrollo-rural-y-tierras","tag-remmy-gonzales","tag-transgenicos"],"jetpack_featured_media_url":"https:\/\/elradar.info\/wp-content\/uploads\/2022\/05\/PN10052022210650.jpg","jetpack_sharing_enabled":true,"amp_enabled":true,"_links":{"self":[{"href":"https:\/\/elradar.info\/index.php?rest_route=\/wp\/v2\/posts\/22130","targetHints":{"allow":["GET"]}}],"collection":[{"href":"https:\/\/elradar.info\/index.php?rest_route=\/wp\/v2\/posts"}],"about":[{"href":"https:\/\/elradar.info\/index.php?rest_route=\/wp\/v2\/types\/post"}],"author":[{"embeddable":true,"href":"https:\/\/elradar.info\/index.php?rest_route=\/wp\/v2\/users\/2"}],"replies":[{"embeddable":true,"href":"https:\/\/elradar.info\/index.php?rest_route=%2Fwp%2Fv2%2Fcomments&post=22130"}],"version-history":[{"count":1,"href":"https:\/\/elradar.info\/index.php?rest_route=\/wp\/v2\/posts\/22130\/revisions"}],"predecessor-version":[{"id":22134,"href":"https:\/\/elradar.info\/index.php?rest_route=\/wp\/v2\/posts\/22130\/revisions\/22134"}],"wp:featuredmedia":[{"embeddable":true,"href":"https:\/\/elradar.info\/index.php?rest_route=\/wp\/v2\/media\/22133"}],"wp:attachment":[{"href":"https:\/\/elradar.info\/index.php?rest_route=%2Fwp%2Fv2%2Fmedia&parent=22130"}],"wp:term":[{"taxonomy":"category","embeddable":true,"href":"https:\/\/elradar.info\/index.php?rest_route=%2Fwp%2Fv2%2Fcategories&post=22130"},{"taxonomy":"post_tag","embeddable":true,"href":"https:\/\/elradar.info\/index.php?rest_route=%2Fwp%2Fv2%2Ftags&post=22130"}],"curies":[{"name":"wp","href":"https:\/\/api.w.org\/{rel}","templated":true}]}}