{"id":22171,"date":"2022-05-11T13:16:54","date_gmt":"2022-05-11T17:16:54","guid":{"rendered":"http:\/\/elradar.info\/?p=22171"},"modified":"2024-02-01T12:19:39","modified_gmt":"2024-02-01T16:19:39","slug":"gobierno-garantiza-abastecimiento-de-maiz-para-el-mercado-interno","status":"publish","type":"post","link":"https:\/\/elradar.info\/?p=22171","title":{"rendered":"<strong>Gobierno garantiza abastecimiento de ma\u00edz para el mercado interno<\/strong>"},"content":{"rendered":"\n<p>El ministro de Desarrollo Rural y Tierras, Remmy Gonzales inform\u00f3 en conferencia de prensa, que el gobierno cuenta con un super\u00e1vit en la producci\u00f3n de ma\u00edz, que abastece el mercado interno nacional. Bolivia tendr\u00e1 una oferta total de 1.029.179 toneladas (t) de ma\u00edz amarillo duro.<\/p>\n\n\n\n<p>La autoridad explic\u00f3 que los datos fueron verificados por las instituciones del aparato estatal, por lo que es importante que la poblaci\u00f3n tenga conocimiento que, si por alg\u00fan otro motivo existiese la subida de precio de alg\u00fan producto, este extremo no ser\u00eda por el ma\u00edz, sino obedecer\u00e1 a especulaciones aprovechando la situaci\u00f3n coyuntural mundial en el tema de alimentos.<\/p>\n\n\n\n<p>Indic\u00f3 que el Estado, tiene la tarea de garantizar el alimento para todos los bolivianos, en ese sentido, se cuenta con la Empresa de Apoyo a la Producci\u00f3n de Alimentos (EMAPA) que garantiza 46 mil toneladas en la campa\u00f1a de invierno y la empresa Boliviana de Producci\u00f3n Agropecuaria, que garantiza 15 mil toneladas adicionales de ma\u00edz.<\/p>\n\n\n\n<p><em>\u201cQueda claro para el pueblo boliviano que hay ma\u00edz suficiente producido para abastecer la demanda interna. Si hay aspectos de agio y especulaci\u00f3n ya es un tema que vamos a controlar porque Bolivia siempre ha tenido una vocaci\u00f3n productiva en el ma\u00edz y de manera suficiente para abastecer el mercado interno\u201d<\/em>, dijo el ministro de Econom\u00eda y Finanzas P\u00fablicas, Marcelo Montenegro, al respecto.<\/p>\n\n\n\n<div class=\"wp-block-image\"><figure class=\"aligncenter size-large is-resized\"><img loading=\"lazy\" decoding=\"async\" src=\"https:\/\/elradar.info\/wp-content\/uploads\/2022\/05\/279888027_311283021188948_342131436415052997_n-1024x768.jpg\" alt=\"\" class=\"wp-image-22174\" width=\"455\" height=\"341\" srcset=\"https:\/\/elradar.info\/wp-content\/uploads\/2022\/05\/279888027_311283021188948_342131436415052997_n-1024x768.jpg 1024w, https:\/\/elradar.info\/wp-content\/uploads\/2022\/05\/279888027_311283021188948_342131436415052997_n-300x225.jpg 300w, https:\/\/elradar.info\/wp-content\/uploads\/2022\/05\/279888027_311283021188948_342131436415052997_n-768x576.jpg 768w, https:\/\/elradar.info\/wp-content\/uploads\/2022\/05\/279888027_311283021188948_342131436415052997_n-360x270.jpg 360w, https:\/\/elradar.info\/wp-content\/uploads\/2022\/05\/279888027_311283021188948_342131436415052997_n.jpg 1280w\" sizes=\"auto, (max-width: 455px) 100vw, 455px\" \/><\/figure><\/div>\n","protected":false},"excerpt":{"rendered":"<p>El ministro de Desarrollo Rural y Tierras, Remmy Gonzales inform\u00f3 en conferencia de prensa, que el gobierno cuenta con un super\u00e1vit en la producci\u00f3n de ma\u00edz, que abastece el mercado interno nacional. Bolivia tendr\u00e1 una oferta total de 1.029.179 toneladas (t) de ma\u00edz amarillo duro. La autoridad explic\u00f3 que los datos fueron verificados por las instituciones del aparato estatal, por lo que es importante que la poblaci\u00f3n tenga conocimiento que, si por alg\u00fan otro motivo existiese la subida de precio de alg\u00fan producto, este extremo no ser\u00eda por el ma\u00edz, sino obedecer\u00e1 a especulaciones aprovechando la situaci\u00f3n coyuntural mundial en<\/p>\n","protected":false},"author":2,"featured_media":22175,"comment_status":"closed","ping_status":"open","sticky":false,"template":"","format":"standard","meta":{"_seopress_robots_primary_cat":"none","_seopress_titles_title":"","_seopress_titles_desc":"","_seopress_robots_index":"","_jetpack_memberships_contains_paid_content":false,"footnotes":""},"categories":[103],"tags":[109,443,708,1821,1380,1820,1818,1800,1817],"class_list":["post-22171","post","type-post","status-publish","format-standard","has-post-thumbnail","hentry","category-nacional","tag-bolivia","tag-emapa","tag-gobierno-nacional","tag-marcelo-montenegro","tag-ministerio-de-desarrollo-rural-y-tierras","tag-produccion-agropecuaria","tag-produccion-de-maiz","tag-remmy-gonzales","tag-superavit"],"jetpack_featured_media_url":"https:\/\/elradar.info\/wp-content\/uploads\/2022\/05\/WhatsApp-Image-2022-03-14-at-1.39.06-PM.jpeg","jetpack_sharing_enabled":true,"amp_enabled":true,"_links":{"self":[{"href":"https:\/\/elradar.info\/index.php?rest_route=\/wp\/v2\/posts\/22171","targetHints":{"allow":["GET"]}}],"collection":[{"href":"https:\/\/elradar.info\/index.php?rest_route=\/wp\/v2\/posts"}],"about":[{"href":"https:\/\/elradar.info\/index.php?rest_route=\/wp\/v2\/types\/post"}],"author":[{"embeddable":true,"href":"https:\/\/elradar.info\/index.php?rest_route=\/wp\/v2\/users\/2"}],"replies":[{"embeddable":true,"href":"https:\/\/elradar.info\/index.php?rest_route=%2Fwp%2Fv2%2Fcomments&post=22171"}],"version-history":[{"count":1,"href":"https:\/\/elradar.info\/index.php?rest_route=\/wp\/v2\/posts\/22171\/revisions"}],"predecessor-version":[{"id":22176,"href":"https:\/\/elradar.info\/index.php?rest_route=\/wp\/v2\/posts\/22171\/revisions\/22176"}],"wp:featuredmedia":[{"embeddable":true,"href":"https:\/\/elradar.info\/index.php?rest_route=\/wp\/v2\/media\/22175"}],"wp:attachment":[{"href":"https:\/\/elradar.info\/index.php?rest_route=%2Fwp%2Fv2%2Fmedia&parent=22171"}],"wp:term":[{"taxonomy":"category","embeddable":true,"href":"https:\/\/elradar.info\/index.php?rest_route=%2Fwp%2Fv2%2Fcategories&post=22171"},{"taxonomy":"post_tag","embeddable":true,"href":"https:\/\/elradar.info\/index.php?rest_route=%2Fwp%2Fv2%2Ftags&post=22171"}],"curies":[{"name":"wp","href":"https:\/\/api.w.org\/{rel}","templated":true}]}}