{"id":22269,"date":"2022-05-12T15:30:19","date_gmt":"2022-05-12T19:30:19","guid":{"rendered":"http:\/\/elradar.info\/?p=22269"},"modified":"2024-02-01T12:19:38","modified_gmt":"2024-02-01T16:19:38","slug":"gobierno-invierte-bs-15-millones-en-mantenimiento-de-la-red-vial-fundamental-en-chuquisaca","status":"publish","type":"post","link":"https:\/\/elradar.info\/?p=22269","title":{"rendered":"<strong>Gobierno invierte Bs 15 millones en mantenimiento de la Red Vial Fundamental en Chuquisaca<\/strong>"},"content":{"rendered":"\n<p>El presidente Luis Arce inform\u00f3 hoy jueves que se realizan trabajos de mantenimiento en 397 km de la Red Vial Fundamental en Chuquisaca, contratando mediante la Administradora Boliviana de Carreteras (ABC) 24 microempresas que estabilizan taludes, limpian cauce de r\u00edos, reponen terraplenes, colocan gaviones y construyen cunetas.<\/p>\n\n\n\n<p><em>\u201cInvertimos Bs 15 millones en el mantenimiento de los tramos Zud\u00e1\u00f1ez &#8211; Sucre &#8211; Puente Arce; Ravelo &#8211; Sucre &#8211; Puente M\u00e9ndez y Zud\u00e1\u00f1ez &#8211; Monteagudo &#8211; Ipat\u00ed, entre otros\u201d<\/em>, escribi\u00f3 el mandatario.<\/p>\n\n\n\n<p>La inversi\u00f3n en el mantenimiento de la Red Vial Fundamental en Chuquisaca, en el sur del pa\u00eds, genera empleo y apoya a la reconstrucci\u00f3n de la econom\u00eda departamental, remarc\u00f3 el presidente, en el mes aniversario de Chuquisaca.<\/p>\n","protected":false},"excerpt":{"rendered":"<p>El presidente Luis Arce inform\u00f3 hoy jueves que se realizan trabajos de mantenimiento en 397 km de la Red Vial Fundamental en Chuquisaca, contratando mediante la Administradora Boliviana de Carreteras (ABC) 24 microempresas que estabilizan taludes, limpian cauce de r\u00edos, reponen terraplenes, colocan gaviones y construyen cunetas. \u201cInvertimos Bs 15 millones en el mantenimiento de los tramos Zud\u00e1\u00f1ez &#8211; Sucre &#8211; Puente Arce; Ravelo &#8211; Sucre &#8211; Puente M\u00e9ndez y Zud\u00e1\u00f1ez &#8211; Monteagudo &#8211; Ipat\u00ed, entre otros\u201d, escribi\u00f3 el mandatario. La inversi\u00f3n en el mantenimiento de la Red Vial Fundamental en Chuquisaca, en el sur del pa\u00eds, genera empleo y<\/p>\n","protected":false},"author":2,"featured_media":22272,"comment_status":"closed","ping_status":"open","sticky":false,"template":"","format":"standard","meta":{"_seopress_robots_primary_cat":"none","_seopress_titles_title":"","_seopress_titles_desc":"","_seopress_robots_index":"","_jetpack_memberships_contains_paid_content":false,"footnotes":""},"categories":[103],"tags":[1866,109,1864,132,1865],"class_list":["post-22269","post","type-post","status-publish","format-standard","has-post-thumbnail","hentry","category-nacional","tag-administradora-boliviana-de-carreteras","tag-bolivia","tag-chuquisaca","tag-luis-arce","tag-red-vial-fundamental"],"jetpack_featured_media_url":"https:\/\/elradar.info\/wp-content\/uploads\/2022\/05\/280818863_532729568306639_4006054604674297217_n.jpg","jetpack_sharing_enabled":true,"amp_enabled":true,"_links":{"self":[{"href":"https:\/\/elradar.info\/index.php?rest_route=\/wp\/v2\/posts\/22269","targetHints":{"allow":["GET"]}}],"collection":[{"href":"https:\/\/elradar.info\/index.php?rest_route=\/wp\/v2\/posts"}],"about":[{"href":"https:\/\/elradar.info\/index.php?rest_route=\/wp\/v2\/types\/post"}],"author":[{"embeddable":true,"href":"https:\/\/elradar.info\/index.php?rest_route=\/wp\/v2\/users\/2"}],"replies":[{"embeddable":true,"href":"https:\/\/elradar.info\/index.php?rest_route=%2Fwp%2Fv2%2Fcomments&post=22269"}],"version-history":[{"count":1,"href":"https:\/\/elradar.info\/index.php?rest_route=\/wp\/v2\/posts\/22269\/revisions"}],"predecessor-version":[{"id":22273,"href":"https:\/\/elradar.info\/index.php?rest_route=\/wp\/v2\/posts\/22269\/revisions\/22273"}],"wp:featuredmedia":[{"embeddable":true,"href":"https:\/\/elradar.info\/index.php?rest_route=\/wp\/v2\/media\/22272"}],"wp:attachment":[{"href":"https:\/\/elradar.info\/index.php?rest_route=%2Fwp%2Fv2%2Fmedia&parent=22269"}],"wp:term":[{"taxonomy":"category","embeddable":true,"href":"https:\/\/elradar.info\/index.php?rest_route=%2Fwp%2Fv2%2Fcategories&post=22269"},{"taxonomy":"post_tag","embeddable":true,"href":"https:\/\/elradar.info\/index.php?rest_route=%2Fwp%2Fv2%2Ftags&post=22269"}],"curies":[{"name":"wp","href":"https:\/\/api.w.org\/{rel}","templated":true}]}}