{"id":22421,"date":"2022-05-16T16:23:52","date_gmt":"2022-05-16T20:23:52","guid":{"rendered":"http:\/\/elradar.info\/?p=22421"},"modified":"2024-02-01T12:19:37","modified_gmt":"2024-02-01T16:19:37","slug":"cambian-al-gerente-regional-de-la-cns-de-la-paz-por-contratar-gente-de-confianza-de-anez","status":"publish","type":"post","link":"https:\/\/elradar.info\/?p=22421","title":{"rendered":"<strong>Cambian al Gerente Regional de la CNS de La Paz por contratar gente de confianza de \u00c1\u00f1ez<\/strong>"},"content":{"rendered":"\n<p>En las \u00faltimas se conoci\u00f3 que el Gerente General de la Caja Nacional de Salud destituy\u00f3 del cargo a Max Gonzales, quien ocupaba el cargo de Gerente Regional de la Caja Nacional de Salud Regional La Paz por contratar personal que trabaj\u00f3 durante el gobierno de Jeanine \u00c1\u00f1ez.<\/p>\n\n\n\n<p>Este lunes 16 de mayo el Gerente General de la Caja Nacional de Salud, Jos\u00e9 Luis Mart\u00ednez, posesion\u00f3 al nuevo Gerente Regional de La Paz, cargo que recay\u00f3 en el m\u00e9dico, Rub\u00e9n Mamani Condori, en sustituci\u00f3n de Max Gonz\u00e1les.<\/p>\n\n\n\n<p>Se desconoce hasta el momento la situaci\u00f3n de la abogada que proces\u00f3 a Evo y Luch\u00f3 s\u00ed se mantendr\u00e1 en el cargo as\u00ed como los funcionarios de las unidades administrativas y de comunicaci\u00f3n.<\/p>\n\n\n\n<figure class=\"wp-block-gallery has-nested-images columns-default is-cropped wp-block-gallery-1 is-layout-flex wp-block-gallery-is-layout-flex\">\n<figure class=\"wp-block-image size-large\"><img loading=\"lazy\" decoding=\"async\" width=\"720\" height=\"960\" data-id=\"22425\" src=\"https:\/\/elradar.info\/wp-content\/uploads\/2022\/05\/281638248_5872742902742710_2360132598601799942_n.jpg\" alt=\"\" class=\"wp-image-22425\" srcset=\"https:\/\/elradar.info\/wp-content\/uploads\/2022\/05\/281638248_5872742902742710_2360132598601799942_n.jpg 720w, https:\/\/elradar.info\/wp-content\/uploads\/2022\/05\/281638248_5872742902742710_2360132598601799942_n-225x300.jpg 225w, https:\/\/elradar.info\/wp-content\/uploads\/2022\/05\/281638248_5872742902742710_2360132598601799942_n-360x480.jpg 360w\" sizes=\"auto, (max-width: 720px) 100vw, 720px\" \/><\/figure>\n\n\n\n<figure class=\"wp-block-image size-large\"><img loading=\"lazy\" decoding=\"async\" width=\"768\" height=\"1024\" data-id=\"22426\" src=\"https:\/\/elradar.info\/wp-content\/uploads\/2022\/05\/281422373_5872743469409320_6398418064824184195_n-768x1024.jpg\" alt=\"\" class=\"wp-image-22426\" srcset=\"https:\/\/elradar.info\/wp-content\/uploads\/2022\/05\/281422373_5872743469409320_6398418064824184195_n-768x1024.jpg 768w, https:\/\/elradar.info\/wp-content\/uploads\/2022\/05\/281422373_5872743469409320_6398418064824184195_n-225x300.jpg 225w, https:\/\/elradar.info\/wp-content\/uploads\/2022\/05\/281422373_5872743469409320_6398418064824184195_n-360x480.jpg 360w, https:\/\/elradar.info\/wp-content\/uploads\/2022\/05\/281422373_5872743469409320_6398418064824184195_n.jpg 960w\" sizes=\"auto, (max-width: 768px) 100vw, 768px\" \/><\/figure>\n<\/figure>\n","protected":false},"excerpt":{"rendered":"<p>En las \u00faltimas se conoci\u00f3 que el Gerente General de la Caja Nacional de Salud destituy\u00f3 del cargo a Max Gonzales, quien ocupaba el cargo de Gerente Regional de la Caja Nacional de Salud Regional La Paz por contratar personal que trabaj\u00f3 durante el gobierno de Jeanine \u00c1\u00f1ez. Este lunes 16 de mayo el Gerente General de la Caja Nacional de Salud, Jos\u00e9 Luis Mart\u00ednez, posesion\u00f3 al nuevo Gerente Regional de La Paz, cargo que recay\u00f3 en el m\u00e9dico, Rub\u00e9n Mamani Condori, en sustituci\u00f3n de Max Gonz\u00e1les. Se desconoce hasta el momento la situaci\u00f3n de la abogada que proces\u00f3 a<\/p>\n","protected":false},"author":2,"featured_media":22424,"comment_status":"closed","ping_status":"open","sticky":false,"template":"","format":"standard","meta":{"_seopress_robots_primary_cat":"none","_seopress_titles_title":"","_seopress_titles_desc":"","_seopress_robots_index":"","_jetpack_memberships_contains_paid_content":false,"footnotes":""},"categories":[103],"tags":[109,1475,1930,131,293,1933,1932],"class_list":["post-22421","post","type-post","status-publish","format-standard","has-post-thumbnail","hentry","category-nacional","tag-bolivia","tag-cns","tag-gerente-regional","tag-jeanine-anez","tag-la-paz","tag-max-gonzales","tag-ruben-mamani-condori"],"jetpack_featured_media_url":"https:\/\/elradar.info\/wp-content\/uploads\/2022\/05\/280715093_5872743362742664_512368135153887246_n.jpg","jetpack_sharing_enabled":true,"amp_enabled":true,"_links":{"self":[{"href":"https:\/\/elradar.info\/index.php?rest_route=\/wp\/v2\/posts\/22421","targetHints":{"allow":["GET"]}}],"collection":[{"href":"https:\/\/elradar.info\/index.php?rest_route=\/wp\/v2\/posts"}],"about":[{"href":"https:\/\/elradar.info\/index.php?rest_route=\/wp\/v2\/types\/post"}],"author":[{"embeddable":true,"href":"https:\/\/elradar.info\/index.php?rest_route=\/wp\/v2\/users\/2"}],"replies":[{"embeddable":true,"href":"https:\/\/elradar.info\/index.php?rest_route=%2Fwp%2Fv2%2Fcomments&post=22421"}],"version-history":[{"count":1,"href":"https:\/\/elradar.info\/index.php?rest_route=\/wp\/v2\/posts\/22421\/revisions"}],"predecessor-version":[{"id":22427,"href":"https:\/\/elradar.info\/index.php?rest_route=\/wp\/v2\/posts\/22421\/revisions\/22427"}],"wp:featuredmedia":[{"embeddable":true,"href":"https:\/\/elradar.info\/index.php?rest_route=\/wp\/v2\/media\/22424"}],"wp:attachment":[{"href":"https:\/\/elradar.info\/index.php?rest_route=%2Fwp%2Fv2%2Fmedia&parent=22421"}],"wp:term":[{"taxonomy":"category","embeddable":true,"href":"https:\/\/elradar.info\/index.php?rest_route=%2Fwp%2Fv2%2Fcategories&post=22421"},{"taxonomy":"post_tag","embeddable":true,"href":"https:\/\/elradar.info\/index.php?rest_route=%2Fwp%2Fv2%2Ftags&post=22421"}],"curies":[{"name":"wp","href":"https:\/\/api.w.org\/{rel}","templated":true}]}}