{"id":22431,"date":"2022-05-17T11:32:14","date_gmt":"2022-05-17T15:32:14","guid":{"rendered":"http:\/\/elradar.info\/?p=22431"},"modified":"2024-02-01T12:19:37","modified_gmt":"2024-02-01T16:19:37","slug":"violencia-en-tinguipaya-deja-un-saldo-de-dos-muertos","status":"publish","type":"post","link":"https:\/\/elradar.info\/?p=22431","title":{"rendered":"<strong>Violencia en Tinguipaya deja un saldo de dos muertos<\/strong>"},"content":{"rendered":"\n<p>El d\u00eda domingo, en la comunidad de Tinguipaya del departamento de Potos\u00ed, sucedi\u00f3 un enfrentamiento entre pobladores que dej\u00f3 el saldo de una persona fallecida y tres heridos de consideraci\u00f3n. Lamentablemente, hoy se confirm\u00f3 el segundo fallecido producto del conflicto.<\/p>\n\n\n\n<p>Pobladores de Tinguipaya y zonas aleda\u00f1as fueron invitados para festejar el aniversario del colegio Mariscal Sucre B y la inauguraci\u00f3n de la Escuela de Formaci\u00f3n de L\u00edderes Para la Vida, eventos en los que estuvo presente el vicepresidente, David Choquehuanca. Choquehuanca dej\u00f3 el lugar a las 14:00 y dos horas despu\u00e9s, instigados por el alcohol, varios pobladores iniciaron una trifulca por rencillas entre ellos. Sobre el tema la fiscal departamental de Potos\u00ed, Roxana Choque, descart\u00f3 que haya sido un tema pol\u00edtico, como algunos medios han difundido.<\/p>\n\n\n\n<p>La primera v\u00edctima del enfrentamiento fue F\u00e9lix D\u00edaz Colque, de 47 a\u00f1os, quien muri\u00f3 a causa de un traumatismo craneoencef\u00e1lico, la segunda v\u00edctima fue identificada como Gregorio Cruz Mamani, de 35 a\u00f1os, quien muri\u00f3 la tarde de ayer.<\/p>\n\n\n\n<p>El jefe de la Fuerza Especial de Lucha Contra el Crimen (FELCC) de Potos\u00ed, coronel Nelson Pacheco, se\u00f1al\u00f3 que el caso se encuentra en investigaci\u00f3n. Datos preliminares dan cuenta de que, en el aniversario del colegio, se encontraban casi 500 personas, entre las cuales algunos grupos consumieron bebidas alcoh\u00f3licas e iniciaron los actos violentos.<\/p>\n","protected":false},"excerpt":{"rendered":"<p>El d\u00eda domingo, en la comunidad de Tinguipaya del departamento de Potos\u00ed, sucedi\u00f3 un enfrentamiento entre pobladores que dej\u00f3 el saldo de una persona fallecida y tres heridos de consideraci\u00f3n. Lamentablemente, hoy se confirm\u00f3 el segundo fallecido producto del conflicto. Pobladores de Tinguipaya y zonas aleda\u00f1as fueron invitados para festejar el aniversario del colegio Mariscal Sucre B y la inauguraci\u00f3n de la Escuela de Formaci\u00f3n de L\u00edderes Para la Vida, eventos en los que estuvo presente el vicepresidente, David Choquehuanca. Choquehuanca dej\u00f3 el lugar a las 14:00 y dos horas despu\u00e9s, instigados por el alcohol, varios pobladores iniciaron una trifulca<\/p>\n","protected":false},"author":2,"featured_media":22434,"comment_status":"closed","ping_status":"open","sticky":false,"template":"","format":"standard","meta":{"_seopress_robots_primary_cat":"none","_seopress_titles_title":"","_seopress_titles_desc":"","_seopress_robots_index":"","_jetpack_memberships_contains_paid_content":false,"footnotes":""},"categories":[103],"tags":[109,1794,878,1934],"class_list":["post-22431","post","type-post","status-publish","format-standard","has-post-thumbnail","hentry","category-nacional","tag-bolivia","tag-enfrentamientos","tag-potosi","tag-tinguipaya"],"jetpack_featured_media_url":"https:\/\/elradar.info\/wp-content\/uploads\/2022\/05\/f45f6bf5-4fc7-42c1-a048-5517fcc5a952.jpg","jetpack_sharing_enabled":true,"amp_enabled":true,"_links":{"self":[{"href":"https:\/\/elradar.info\/index.php?rest_route=\/wp\/v2\/posts\/22431","targetHints":{"allow":["GET"]}}],"collection":[{"href":"https:\/\/elradar.info\/index.php?rest_route=\/wp\/v2\/posts"}],"about":[{"href":"https:\/\/elradar.info\/index.php?rest_route=\/wp\/v2\/types\/post"}],"author":[{"embeddable":true,"href":"https:\/\/elradar.info\/index.php?rest_route=\/wp\/v2\/users\/2"}],"replies":[{"embeddable":true,"href":"https:\/\/elradar.info\/index.php?rest_route=%2Fwp%2Fv2%2Fcomments&post=22431"}],"version-history":[{"count":1,"href":"https:\/\/elradar.info\/index.php?rest_route=\/wp\/v2\/posts\/22431\/revisions"}],"predecessor-version":[{"id":22435,"href":"https:\/\/elradar.info\/index.php?rest_route=\/wp\/v2\/posts\/22431\/revisions\/22435"}],"wp:featuredmedia":[{"embeddable":true,"href":"https:\/\/elradar.info\/index.php?rest_route=\/wp\/v2\/media\/22434"}],"wp:attachment":[{"href":"https:\/\/elradar.info\/index.php?rest_route=%2Fwp%2Fv2%2Fmedia&parent=22431"}],"wp:term":[{"taxonomy":"category","embeddable":true,"href":"https:\/\/elradar.info\/index.php?rest_route=%2Fwp%2Fv2%2Fcategories&post=22431"},{"taxonomy":"post_tag","embeddable":true,"href":"https:\/\/elradar.info\/index.php?rest_route=%2Fwp%2Fv2%2Ftags&post=22431"}],"curies":[{"name":"wp","href":"https:\/\/api.w.org\/{rel}","templated":true}]}}