{"id":22460,"date":"2022-05-17T13:47:53","date_gmt":"2022-05-17T17:47:53","guid":{"rendered":"http:\/\/elradar.info\/?p=22460"},"modified":"2024-02-01T12:19:36","modified_gmt":"2024-02-01T16:19:36","slug":"gobierno-y-entidades-inauguran-reflexiva-exposicion-de-fotos-no-mas-transfobia","status":"publish","type":"post","link":"https:\/\/elradar.info\/?p=22460","title":{"rendered":"<strong>Gobierno y entidades inauguran reflexiva exposici\u00f3n de fotos \u2018No M\u00e1s Transfobia\u2019&nbsp;<\/strong>"},"content":{"rendered":"\n<p>En el D\u00eda Internacional de Lucha contra la Homofobia y Transfobia, el Gobierno nacional, la Organizaci\u00f3n de Travestis, Transg\u00e9neros y Transexuales Femeninas de Bolivia (Otraf Bolivia) y el Programa de las Naciones Unidas para el Desarrollo (PNUD) inauguraron la exposici\u00f3n de fotos <em>\u2018No M\u00e1s Transfobia\u2019<\/em> para la promoci\u00f3n y protecci\u00f3n de los derechos de las mujeres trans.<\/p>\n\n\n\n<p>La viceministra de Comunicaci\u00f3n, Gabriela Alcon, en la inauguraci\u00f3n de la exposici\u00f3n <em>\u2018No M\u00e1s Transfobia\u2019 <\/em>destac\u00f3 que la Constituci\u00f3n Pol\u00edtica del Estado Plurinacional de Bolivia sanciona toda forma de discriminaci\u00f3n y \u201csin duda alguna\u201d reconoce que \u201ctodos somos iguales\u201d.<\/p>\n\n\n\n<p><em>\u201cEl Gobierno busca trabajar de manera coordinada con todos los sectores para avanzar en favor de los derechos de las diversidades sexuales\u201d<\/em>, dijo Alc\u00f3n.<\/p>\n\n\n\n<figure class=\"wp-block-gallery has-nested-images columns-default is-cropped wp-block-gallery-1 is-layout-flex wp-block-gallery-is-layout-flex\">\n<figure class=\"wp-block-image size-large\"><img loading=\"lazy\" decoding=\"async\" width=\"1024\" height=\"450\" data-id=\"22464\" src=\"https:\/\/elradar.info\/wp-content\/uploads\/2022\/05\/282381239_312916491020600_1982662251844616833_n-1024x450.jpg\" alt=\"\" class=\"wp-image-22464\" srcset=\"https:\/\/elradar.info\/wp-content\/uploads\/2022\/05\/282381239_312916491020600_1982662251844616833_n-1024x450.jpg 1024w, https:\/\/elradar.info\/wp-content\/uploads\/2022\/05\/282381239_312916491020600_1982662251844616833_n-300x132.jpg 300w, https:\/\/elradar.info\/wp-content\/uploads\/2022\/05\/282381239_312916491020600_1982662251844616833_n-768x337.jpg 768w, https:\/\/elradar.info\/wp-content\/uploads\/2022\/05\/282381239_312916491020600_1982662251844616833_n-360x158.jpg 360w, https:\/\/elradar.info\/wp-content\/uploads\/2022\/05\/282381239_312916491020600_1982662251844616833_n.jpg 1448w\" sizes=\"auto, (max-width: 1024px) 100vw, 1024px\" \/><\/figure>\n\n\n\n<figure class=\"wp-block-image size-large\"><img loading=\"lazy\" decoding=\"async\" width=\"1024\" height=\"450\" data-id=\"22465\" src=\"https:\/\/elradar.info\/wp-content\/uploads\/2022\/05\/281456722_312916901020559_7853889041427103685_n-1024x450.jpg\" alt=\"\" class=\"wp-image-22465\" srcset=\"https:\/\/elradar.info\/wp-content\/uploads\/2022\/05\/281456722_312916901020559_7853889041427103685_n-1024x450.jpg 1024w, https:\/\/elradar.info\/wp-content\/uploads\/2022\/05\/281456722_312916901020559_7853889041427103685_n-300x132.jpg 300w, https:\/\/elradar.info\/wp-content\/uploads\/2022\/05\/281456722_312916901020559_7853889041427103685_n-768x337.jpg 768w, https:\/\/elradar.info\/wp-content\/uploads\/2022\/05\/281456722_312916901020559_7853889041427103685_n-360x158.jpg 360w, https:\/\/elradar.info\/wp-content\/uploads\/2022\/05\/281456722_312916901020559_7853889041427103685_n.jpg 1448w\" sizes=\"auto, (max-width: 1024px) 100vw, 1024px\" \/><\/figure>\n<\/figure>\n","protected":false},"excerpt":{"rendered":"<p>En el D\u00eda Internacional de Lucha contra la Homofobia y Transfobia, el Gobierno nacional, la Organizaci\u00f3n de Travestis, Transg\u00e9neros y Transexuales Femeninas de Bolivia (Otraf Bolivia) y el Programa de las Naciones Unidas para el Desarrollo (PNUD) inauguraron la exposici\u00f3n de fotos \u2018No M\u00e1s Transfobia\u2019 para la promoci\u00f3n y protecci\u00f3n de los derechos de las mujeres trans. La viceministra de Comunicaci\u00f3n, Gabriela Alcon, en la inauguraci\u00f3n de la exposici\u00f3n \u2018No M\u00e1s Transfobia\u2019 destac\u00f3 que la Constituci\u00f3n Pol\u00edtica del Estado Plurinacional de Bolivia sanciona toda forma de discriminaci\u00f3n y \u201csin duda alguna\u201d reconoce que \u201ctodos somos iguales\u201d. \u201cEl Gobierno busca trabajar<\/p>\n","protected":false},"author":2,"featured_media":22463,"comment_status":"closed","ping_status":"open","sticky":false,"template":"","format":"standard","meta":{"_seopress_robots_primary_cat":"none","_seopress_titles_title":"","_seopress_titles_desc":"","_seopress_robots_index":"","_jetpack_memberships_contains_paid_content":false,"footnotes":""},"categories":[103],"tags":[109,1949,1946,138,708,1948,730],"class_list":["post-22460","post","type-post","status-publish","format-standard","has-post-thumbnail","hentry","category-nacional","tag-bolivia","tag-constitucion-politica-del-estado-plurinacional-de-bolivia","tag-dia-internacional-de-lucha-contra-la-homofobia-y-transfobia","tag-gabriela-alcon","tag-gobierno-nacional","tag-organizacion-de-travestis-transgeneros-y-transexuales-femeninas-de-bolivia","tag-programa-de-las-naciones-unidas-para-el-desarrollo"],"jetpack_featured_media_url":"https:\/\/elradar.info\/wp-content\/uploads\/2022\/05\/281680908_312916734353909_7675858052262292445_n.jpg","jetpack_sharing_enabled":true,"amp_enabled":true,"_links":{"self":[{"href":"https:\/\/elradar.info\/index.php?rest_route=\/wp\/v2\/posts\/22460","targetHints":{"allow":["GET"]}}],"collection":[{"href":"https:\/\/elradar.info\/index.php?rest_route=\/wp\/v2\/posts"}],"about":[{"href":"https:\/\/elradar.info\/index.php?rest_route=\/wp\/v2\/types\/post"}],"author":[{"embeddable":true,"href":"https:\/\/elradar.info\/index.php?rest_route=\/wp\/v2\/users\/2"}],"replies":[{"embeddable":true,"href":"https:\/\/elradar.info\/index.php?rest_route=%2Fwp%2Fv2%2Fcomments&post=22460"}],"version-history":[{"count":1,"href":"https:\/\/elradar.info\/index.php?rest_route=\/wp\/v2\/posts\/22460\/revisions"}],"predecessor-version":[{"id":22466,"href":"https:\/\/elradar.info\/index.php?rest_route=\/wp\/v2\/posts\/22460\/revisions\/22466"}],"wp:featuredmedia":[{"embeddable":true,"href":"https:\/\/elradar.info\/index.php?rest_route=\/wp\/v2\/media\/22463"}],"wp:attachment":[{"href":"https:\/\/elradar.info\/index.php?rest_route=%2Fwp%2Fv2%2Fmedia&parent=22460"}],"wp:term":[{"taxonomy":"category","embeddable":true,"href":"https:\/\/elradar.info\/index.php?rest_route=%2Fwp%2Fv2%2Fcategories&post=22460"},{"taxonomy":"post_tag","embeddable":true,"href":"https:\/\/elradar.info\/index.php?rest_route=%2Fwp%2Fv2%2Ftags&post=22460"}],"curies":[{"name":"wp","href":"https:\/\/api.w.org\/{rel}","templated":true}]}}