{"id":22619,"date":"2022-05-19T12:28:45","date_gmt":"2022-05-19T16:28:45","guid":{"rendered":"http:\/\/elradar.info\/?p=22619"},"modified":"2024-02-01T12:18:45","modified_gmt":"2024-02-01T16:18:45","slug":"biocidio-en-mallasa-arias-dice-que-no-es-la-primera-vez-que-se-mueren-animales","status":"publish","type":"post","link":"https:\/\/elradar.info\/?p=22619","title":{"rendered":"<strong>Biocidio en Mallasa: Arias dice que \u201cno es la primera vez que se mueren animales\u201d<\/strong>"},"content":{"rendered":"\n<p>El alcalde pace\u00f1o, Iv\u00e1n Arias, minimiz\u00f3 las denuncias del Colegio de Bi\u00f3logos de La Paz que exige que se haga una auditor\u00eda al Bioparque Municipal Vesty Pakos por los decesos de los 50 animales que murieron en 4 meses.<\/p>\n\n\n\n<p><em>\u201cEn el transcurso del a\u00f1o murieron 50 animales, la mayor\u00eda de ellas lagartijas, animales menores, luego murieron algunas aves y algunos animales mayores (\u2026). No es la primera vez que se mueren animales, en los a\u00f1os anteriores se han muerto m\u00e1s de 180 animales, el bioparque es un \u00e1rea muy conflictiva\u201d<\/em>, asever\u00f3 el alcalde en entrevista con Bolivisi\u00f3n.<\/p>\n\n\n\n<p>La vicepresidenta del Colegio de Bi\u00f3logos, Andrea Morales reproch\u00f3 las declaraciones del alcalde e indic\u00f3 que, si bien se generaban decesos en gestiones pasadas, no eran cifras tan alarmantes como las que hoy se suscitan con la muerte de jaguares, lagartijas, monos&nbsp;<\/p>\n\n\n\n<p>Seg\u00fan Arias las denuncias son hechas por exfuncionarios del Bioparque.<em> \u201cLa mayor\u00eda de los que est\u00e1n denunciando son exfuncionarios\u201d<\/em>, indic\u00f3. Esto fue desmentido por la presidenta de la Fundaci\u00f3n Amor Por los Animales, Ana Serrano.<\/p>\n\n\n\n<p><em>\u201cYo nunca he sido funcionaria del Bioparque ni pienso serlo. Soy activista a favor de los animales y la voz de los animales para siempre. Los funcionarios p\u00fablicos tienen una fecha de caducidad\u201d<\/em>, asegur\u00f3.<\/p>\n","protected":false},"excerpt":{"rendered":"<p>El alcalde pace\u00f1o, Iv\u00e1n Arias, minimiz\u00f3 las denuncias del Colegio de Bi\u00f3logos de La Paz que exige que se haga una auditor\u00eda al Bioparque Municipal Vesty Pakos por los decesos de los 50 animales que murieron en 4 meses. \u201cEn el transcurso del a\u00f1o murieron 50 animales, la mayor\u00eda de ellas lagartijas, animales menores, luego murieron algunas aves y algunos animales mayores (\u2026). No es la primera vez que se mueren animales, en los a\u00f1os anteriores se han muerto m\u00e1s de 180 animales, el bioparque es un \u00e1rea muy conflictiva\u201d, asever\u00f3 el alcalde en entrevista con Bolivisi\u00f3n. La vicepresidenta del<\/p>\n","protected":false},"author":2,"featured_media":22622,"comment_status":"closed","ping_status":"open","sticky":false,"template":"","format":"standard","meta":{"_seopress_robots_primary_cat":"none","_seopress_titles_title":"","_seopress_titles_desc":"","_seopress_robots_index":"","_jetpack_memberships_contains_paid_content":false,"footnotes":""},"categories":[103],"tags":[2012,2009,1998,109,2011,293,2010],"class_list":["post-22619","post","type-post","status-publish","format-standard","has-post-thumbnail","hentry","category-nacional","tag-ana-serrano","tag-biocidio","tag-bioparque-municipal-vesty-pakos","tag-bolivia","tag-fundacion-amor-por-los-animales","tag-la-paz","tag-mallasa"],"jetpack_featured_media_url":"https:\/\/elradar.info\/wp-content\/uploads\/2022\/05\/1317199557.png","jetpack_sharing_enabled":true,"amp_enabled":true,"_links":{"self":[{"href":"https:\/\/elradar.info\/index.php?rest_route=\/wp\/v2\/posts\/22619","targetHints":{"allow":["GET"]}}],"collection":[{"href":"https:\/\/elradar.info\/index.php?rest_route=\/wp\/v2\/posts"}],"about":[{"href":"https:\/\/elradar.info\/index.php?rest_route=\/wp\/v2\/types\/post"}],"author":[{"embeddable":true,"href":"https:\/\/elradar.info\/index.php?rest_route=\/wp\/v2\/users\/2"}],"replies":[{"embeddable":true,"href":"https:\/\/elradar.info\/index.php?rest_route=%2Fwp%2Fv2%2Fcomments&post=22619"}],"version-history":[{"count":1,"href":"https:\/\/elradar.info\/index.php?rest_route=\/wp\/v2\/posts\/22619\/revisions"}],"predecessor-version":[{"id":22623,"href":"https:\/\/elradar.info\/index.php?rest_route=\/wp\/v2\/posts\/22619\/revisions\/22623"}],"wp:featuredmedia":[{"embeddable":true,"href":"https:\/\/elradar.info\/index.php?rest_route=\/wp\/v2\/media\/22622"}],"wp:attachment":[{"href":"https:\/\/elradar.info\/index.php?rest_route=%2Fwp%2Fv2%2Fmedia&parent=22619"}],"wp:term":[{"taxonomy":"category","embeddable":true,"href":"https:\/\/elradar.info\/index.php?rest_route=%2Fwp%2Fv2%2Fcategories&post=22619"},{"taxonomy":"post_tag","embeddable":true,"href":"https:\/\/elradar.info\/index.php?rest_route=%2Fwp%2Fv2%2Ftags&post=22619"}],"curies":[{"name":"wp","href":"https:\/\/api.w.org\/{rel}","templated":true}]}}