{"id":22739,"date":"2022-05-20T16:11:06","date_gmt":"2022-05-20T20:11:06","guid":{"rendered":"http:\/\/elradar.info\/?p=22739"},"modified":"2024-02-01T12:18:43","modified_gmt":"2024-02-01T16:18:43","slug":"un-nuevo-caso-de-violacion-de-una-menor-de-edad-por-su-padrastro","status":"publish","type":"post","link":"https:\/\/elradar.info\/?p=22739","title":{"rendered":"<strong>Un nuevo caso de violaci\u00f3n de una menor de edad por su padrastro<\/strong>"},"content":{"rendered":"\n<p>Jhonny Vega, director departamental de la FELCV inform\u00f3 que la tarde de ayer, personal de la divisi\u00f3n de delitos contra menores, aprehendieron a Sabino G., de 36 a\u00f1os, quien habr\u00eda agredido sexualmente, desde sus once a\u00f1os, a su hijastra, menor que actualmente tiene 15 a\u00f1os.<\/p>\n\n\n\n<p>Ante la persistencia de las agresiones, la adolescente decidi\u00f3 dejar su domicilio el 13 de mayo para irse a casa de su abuela. Una vez en el lugar, le cont\u00f3 a su familiar lo que pasaba en su casa y las agresiones sexuales que sufr\u00eda por parte de su padrastro.<\/p>\n\n\n\n<p>Una vez realizada la denuncia se procedi\u00f3 a hacer una valoraci\u00f3n psicol\u00f3gica de la menor. Ella, en una libreta que ten\u00eda hab\u00eda escrito: \u201c<em>Mi padrastro me viola, me duele el coraz\u00f3n<\/em>\u201d. Esta libreta y otros elementos fueron presentados al ministerio p\u00fablico, por lo que el autor se encuentra con prisi\u00f3n preventiva en celdas de la FELCV, se espera que en las pr\u00f3ximas horas sea puesto ante un juez de medidas cautelares.<\/p>\n\n\n\n<p>El sujeto habr\u00eda negado los cargos que se le imputan, sin embargo, tanto la valoraci\u00f3n psicol\u00f3gica como la m\u00e9dica indican que s\u00ed existi\u00f3 agresi\u00f3n sexual.<\/p>\n\n\n\n<p>El aumento de casos de violaci\u00f3n a menores de edad, cuyos atacantes suelen ser personas de su propio entorno familiar, ha motivado que la C\u00e1mara de Diputados considere modificaciones al c\u00f3digo penal con el fin de endurecer las penas para los culpables, una de ellas ser\u00eda negarles la libertad condicional.<\/p>\n","protected":false},"excerpt":{"rendered":"<p>Jhonny Vega, director departamental de la FELCV inform\u00f3 que la tarde de ayer, personal de la divisi\u00f3n de delitos contra menores, aprehendieron a Sabino G., de 36 a\u00f1os, quien habr\u00eda agredido sexualmente, desde sus once a\u00f1os, a su hijastra, menor que actualmente tiene 15 a\u00f1os. Ante la persistencia de las agresiones, la adolescente decidi\u00f3 dejar su domicilio el 13 de mayo para irse a casa de su abuela. Una vez en el lugar, le cont\u00f3 a su familiar lo que pasaba en su casa y las agresiones sexuales que sufr\u00eda por parte de su padrastro. Una vez realizada la denuncia<\/p>\n","protected":false},"author":2,"featured_media":22742,"comment_status":"closed","ping_status":"open","sticky":false,"template":"","format":"standard","meta":{"_seopress_robots_primary_cat":"none","_seopress_titles_title":"","_seopress_titles_desc":"","_seopress_robots_index":"","_jetpack_memberships_contains_paid_content":false,"footnotes":""},"categories":[103],"tags":[109,619,293,2055,2056,118],"class_list":["post-22739","post","type-post","status-publish","format-standard","has-post-thumbnail","hentry","category-nacional","tag-bolivia","tag-felcv","tag-la-paz","tag-padrastro","tag-sabino-g","tag-violacion"],"jetpack_featured_media_url":"https:\/\/elradar.info\/wp-content\/uploads\/2022\/05\/ESPOSADO.jpg","jetpack_sharing_enabled":true,"amp_enabled":true,"_links":{"self":[{"href":"https:\/\/elradar.info\/index.php?rest_route=\/wp\/v2\/posts\/22739","targetHints":{"allow":["GET"]}}],"collection":[{"href":"https:\/\/elradar.info\/index.php?rest_route=\/wp\/v2\/posts"}],"about":[{"href":"https:\/\/elradar.info\/index.php?rest_route=\/wp\/v2\/types\/post"}],"author":[{"embeddable":true,"href":"https:\/\/elradar.info\/index.php?rest_route=\/wp\/v2\/users\/2"}],"replies":[{"embeddable":true,"href":"https:\/\/elradar.info\/index.php?rest_route=%2Fwp%2Fv2%2Fcomments&post=22739"}],"version-history":[{"count":1,"href":"https:\/\/elradar.info\/index.php?rest_route=\/wp\/v2\/posts\/22739\/revisions"}],"predecessor-version":[{"id":22743,"href":"https:\/\/elradar.info\/index.php?rest_route=\/wp\/v2\/posts\/22739\/revisions\/22743"}],"wp:featuredmedia":[{"embeddable":true,"href":"https:\/\/elradar.info\/index.php?rest_route=\/wp\/v2\/media\/22742"}],"wp:attachment":[{"href":"https:\/\/elradar.info\/index.php?rest_route=%2Fwp%2Fv2%2Fmedia&parent=22739"}],"wp:term":[{"taxonomy":"category","embeddable":true,"href":"https:\/\/elradar.info\/index.php?rest_route=%2Fwp%2Fv2%2Fcategories&post=22739"},{"taxonomy":"post_tag","embeddable":true,"href":"https:\/\/elradar.info\/index.php?rest_route=%2Fwp%2Fv2%2Ftags&post=22739"}],"curies":[{"name":"wp","href":"https:\/\/api.w.org\/{rel}","templated":true}]}}