{"id":22760,"date":"2022-05-21T14:47:49","date_gmt":"2022-05-21T18:47:49","guid":{"rendered":"http:\/\/elradar.info\/?p=22760"},"modified":"2024-02-01T12:18:43","modified_gmt":"2024-02-01T16:18:43","slug":"gobierno-llevara-adelante-cirugias-gratuitas-de-cataratas","status":"publish","type":"post","link":"https:\/\/elradar.info\/?p=22760","title":{"rendered":"<strong>Gobierno llevar\u00e1 adelante cirug\u00edas gratuitas de cataratas<\/strong>"},"content":{"rendered":"\n<p>El Plan Nacional Ocular 2022-2025 fue lanzado por el gobierno nacional en el marco de los festejos por la efem\u00e9ride chuquisaque\u00f1a. Ya se llev\u00f3 a cabo la primera cirug\u00eda, la misma que fue calificada como exitosa, por el ministro de salud Jeyson Auza.<\/p>\n\n\n\n<p><em>\u201cEn homenaje a nuestro departamento de Chuquisaca hemos querido dar inicio a nuestras ferias por la salud y la vida que ahora adem\u00e1s incluyen cirug\u00edas como la de hoy, un paciente de m\u00e1s de 50 a\u00f1os fue sometido a una operaci\u00f3n de cataratas que result\u00f3 todo un \u00e9xito, queremos felicitar a nuestros hermanos m\u00e9dicos por esa gran labor\u201d,<\/em> manifest\u00f3.<\/p>\n\n\n\n<p>En los pr\u00f3ximos d\u00edas los pacientes ser\u00e1n diagnosticados en las ferias nacionales por la salud y la vida denominadas \u201cEl SUS en tu Comunidad y en tu Barrio\u201d. Las cirug\u00edas de cataratas, gratuitas, llegar\u00e1n a todo el pa\u00eds y tienen como objetivo evitar que la poblaci\u00f3n afectada llegue a perder la vista. Estas campa\u00f1as ir\u00e1n paralelamente a las campa\u00f1as de vacunaci\u00f3n impulsadas por el ministerio de salud.<\/p>\n\n\n\n<figure class=\"wp-block-gallery has-nested-images columns-default is-cropped wp-block-gallery-1 is-layout-flex wp-block-gallery-is-layout-flex\">\n<figure class=\"wp-block-image size-large\"><img loading=\"lazy\" decoding=\"async\" width=\"1024\" height=\"461\" data-id=\"22764\" src=\"https:\/\/elradar.info\/wp-content\/uploads\/2022\/05\/283296323_382218823948405_6536798913500894238_n-1024x461.jpg\" alt=\"\" class=\"wp-image-22764\" srcset=\"https:\/\/elradar.info\/wp-content\/uploads\/2022\/05\/283296323_382218823948405_6536798913500894238_n-1024x461.jpg 1024w, https:\/\/elradar.info\/wp-content\/uploads\/2022\/05\/283296323_382218823948405_6536798913500894238_n-300x135.jpg 300w, https:\/\/elradar.info\/wp-content\/uploads\/2022\/05\/283296323_382218823948405_6536798913500894238_n-768x346.jpg 768w, https:\/\/elradar.info\/wp-content\/uploads\/2022\/05\/283296323_382218823948405_6536798913500894238_n-360x162.jpg 360w, https:\/\/elradar.info\/wp-content\/uploads\/2022\/05\/283296323_382218823948405_6536798913500894238_n.jpg 1422w\" sizes=\"auto, (max-width: 1024px) 100vw, 1024px\" \/><\/figure>\n\n\n\n<figure class=\"wp-block-image size-large\"><img loading=\"lazy\" decoding=\"async\" width=\"1024\" height=\"461\" data-id=\"22765\" src=\"https:\/\/elradar.info\/wp-content\/uploads\/2022\/05\/283107444_382218813948406_1980373343727249042_n-1024x461.jpg\" alt=\"\" class=\"wp-image-22765\" srcset=\"https:\/\/elradar.info\/wp-content\/uploads\/2022\/05\/283107444_382218813948406_1980373343727249042_n-1024x461.jpg 1024w, https:\/\/elradar.info\/wp-content\/uploads\/2022\/05\/283107444_382218813948406_1980373343727249042_n-300x135.jpg 300w, https:\/\/elradar.info\/wp-content\/uploads\/2022\/05\/283107444_382218813948406_1980373343727249042_n-768x346.jpg 768w, https:\/\/elradar.info\/wp-content\/uploads\/2022\/05\/283107444_382218813948406_1980373343727249042_n-360x162.jpg 360w, https:\/\/elradar.info\/wp-content\/uploads\/2022\/05\/283107444_382218813948406_1980373343727249042_n.jpg 1422w\" sizes=\"auto, (max-width: 1024px) 100vw, 1024px\" \/><\/figure>\n<\/figure>\n","protected":false},"excerpt":{"rendered":"<p>El Plan Nacional Ocular 2022-2025 fue lanzado por el gobierno nacional en el marco de los festejos por la efem\u00e9ride chuquisaque\u00f1a. Ya se llev\u00f3 a cabo la primera cirug\u00eda, la misma que fue calificada como exitosa, por el ministro de salud Jeyson Auza. \u201cEn homenaje a nuestro departamento de Chuquisaca hemos querido dar inicio a nuestras ferias por la salud y la vida que ahora adem\u00e1s incluyen cirug\u00edas como la de hoy, un paciente de m\u00e1s de 50 a\u00f1os fue sometido a una operaci\u00f3n de cataratas que result\u00f3 todo un \u00e9xito, queremos felicitar a nuestros hermanos m\u00e9dicos por esa gran<\/p>\n","protected":false},"author":2,"featured_media":22763,"comment_status":"closed","ping_status":"open","sticky":false,"template":"","format":"standard","meta":{"_seopress_robots_primary_cat":"none","_seopress_titles_title":"","_seopress_titles_desc":"","_seopress_robots_index":"","_jetpack_memberships_contains_paid_content":false,"footnotes":""},"categories":[103,201],"tags":[109,2060,1864,2059,2062,252,2061,229,497],"class_list":["post-22760","post","type-post","status-publish","format-standard","has-post-thumbnail","hentry","category-nacional","category-salud","tag-bolivia","tag-cataratas","tag-chuquisaca","tag-cirugias-gratuitas","tag-el-sus-en-tu-comunidad-y-en-tu-barrio","tag-jeyson-auza","tag-plan-nacional-ocular-2022-2025","tag-salud","tag-sus"],"jetpack_featured_media_url":"https:\/\/elradar.info\/wp-content\/uploads\/2022\/05\/282445732_382218767281744_1987248507253143356_n.jpg","jetpack_sharing_enabled":true,"amp_enabled":true,"_links":{"self":[{"href":"https:\/\/elradar.info\/index.php?rest_route=\/wp\/v2\/posts\/22760","targetHints":{"allow":["GET"]}}],"collection":[{"href":"https:\/\/elradar.info\/index.php?rest_route=\/wp\/v2\/posts"}],"about":[{"href":"https:\/\/elradar.info\/index.php?rest_route=\/wp\/v2\/types\/post"}],"author":[{"embeddable":true,"href":"https:\/\/elradar.info\/index.php?rest_route=\/wp\/v2\/users\/2"}],"replies":[{"embeddable":true,"href":"https:\/\/elradar.info\/index.php?rest_route=%2Fwp%2Fv2%2Fcomments&post=22760"}],"version-history":[{"count":1,"href":"https:\/\/elradar.info\/index.php?rest_route=\/wp\/v2\/posts\/22760\/revisions"}],"predecessor-version":[{"id":22766,"href":"https:\/\/elradar.info\/index.php?rest_route=\/wp\/v2\/posts\/22760\/revisions\/22766"}],"wp:featuredmedia":[{"embeddable":true,"href":"https:\/\/elradar.info\/index.php?rest_route=\/wp\/v2\/media\/22763"}],"wp:attachment":[{"href":"https:\/\/elradar.info\/index.php?rest_route=%2Fwp%2Fv2%2Fmedia&parent=22760"}],"wp:term":[{"taxonomy":"category","embeddable":true,"href":"https:\/\/elradar.info\/index.php?rest_route=%2Fwp%2Fv2%2Fcategories&post=22760"},{"taxonomy":"post_tag","embeddable":true,"href":"https:\/\/elradar.info\/index.php?rest_route=%2Fwp%2Fv2%2Ftags&post=22760"}],"curies":[{"name":"wp","href":"https:\/\/api.w.org\/{rel}","templated":true}]}}